{"id":6414,"date":"2020-07-27T13:14:37","date_gmt":"2020-07-27T11:14:37","guid":{"rendered":"https:\/\/www.flynex.io\/?p=6414"},"modified":"2025-01-15T15:21:41","modified_gmt":"2025-01-15T14:21:41","slug":"5-jahre-flynex-unsere-highlights-zum-jubilaeum","status":"publish","type":"post","link":"https:\/\/www.flynex.io\/de\/news\/5-jahre-flynex-unsere-highlights-zum-jubilaeum\/","title":{"rendered":"5 Jahre FlyNex! &#8211; Unsere Highlights zum Jubil\u00e4um"},"content":{"rendered":"<p><div class=\"fusion-fullwidth fullwidth-box fusion-builder-row-1 nonhundred-percent-fullwidth non-hundred-percent-height-scrolling\" style=\"--awb-border-radius-top-left:0px;--awb-border-radius-top-right:0px;--awb-border-radius-bottom-right:0px;--awb-border-radius-bottom-left:0px;--awb-flex-wrap:wrap;\" ><div class=\"fusion-builder-row fusion-row\"><div class=\"fusion-layout-column fusion_builder_column fusion-builder-column-0 fusion_builder_column_1_1 1_1 fusion-one-full fusion-column-first fusion-column-last\" style=\"--awb-bg-size:cover;\"><div class=\"fusion-column-wrapper fusion-column-has-shadow fusion-flex-column-wrapper-legacy\"><div class=\"fusion-image-element fusion-image-align-center in-legacy-container\" style=\"text-align:center;--awb-caption-title-font-family:var(--h2_typography-font-family);--awb-caption-title-font-weight:var(--h2_typography-font-weight);--awb-caption-title-font-style:var(--h2_typography-font-style);--awb-caption-title-size:var(--h2_typography-font-size);--awb-caption-title-transform:var(--h2_typography-text-transform);--awb-caption-title-line-height:var(--h2_typography-line-height);--awb-caption-title-letter-spacing:var(--h2_typography-letter-spacing);\"><div class=\"imageframe-align-center\"><span class=\" fusion-imageframe imageframe-none imageframe-1 hover-type-none\"><img decoding=\"async\" width=\"1920\" height=\"1080\" alt=\"5 Jahre FlyNex\" src=\"data:image\/svg+xml,%3Csvg%20xmlns%3D%27http%3A%2F%2Fwww.w3.org%2F2000%2Fsvg%27%20width%3D%271920%27%20height%3D%271080%27%20viewBox%3D%270%200%201920%201080%27%3E%3Crect%20width%3D%271920%27%20height%3D%271080%27%20fill-opacity%3D%220%22%2F%3E%3C%2Fsvg%3E\" data-orig-src=\"https:\/\/www.flynex.io\/wp-content\/uploads\/2020\/07\/5Jahre.gif\" class=\"lazyload img-responsive wp-image-6545\"\/><\/span><\/div><\/div><div class=\"fusion-clearfix\"><\/div><\/div><\/div><\/div><\/div><div class=\"fusion-fullwidth fullwidth-box fusion-builder-row-2 nonhundred-percent-fullwidth non-hundred-percent-height-scrolling\" style=\"--awb-border-radius-top-left:0px;--awb-border-radius-top-right:0px;--awb-border-radius-bottom-right:0px;--awb-border-radius-bottom-left:0px;--awb-flex-wrap:wrap;\" ><div class=\"fusion-builder-row fusion-row\"><div class=\"fusion-layout-column fusion_builder_column fusion-builder-column-1 fusion_builder_column_1_1 1_1 fusion-one-full fusion-column-first fusion-column-last\" style=\"--awb-bg-size:cover;\"><div class=\"fusion-column-wrapper fusion-column-has-shadow fusion-flex-column-wrapper-legacy\"><div class=\"fusion-text fusion-text-1\" style=\"--awb-text-font-family:&quot;source-sans-pro-latin-regular&quot;;--awb-text-font-style:normal;--awb-text-font-weight:400;\"><p>Heute feiern wir unser 5-j\u00e4hriges Jubil\u00e4um! Damals startete das Team 2015 mit einer im w\u00f6rtlichen Sinne &#8222;abgehobenen&#8220; Idee eines automatisierten Arbeitsprozesses f\u00fcr Drohnenprojekte. Seitdem hat sich eine Menge getan, sowohl bei uns also auch auf dem Drohnenmarkt und in der Drohnentechnologie.<\/p>\n<p>Wir m\u00fcssen zugeben, dass die Jahre extrem schnell vergangen sind, wenn man seinen Blick stets nach vorne richtet. Deshalb nutzen wir diesen Tag, um die letzten Jahre Revue passieren zu lassen. Wir wollen Ihnen heute unsere pers\u00f6nlichen Highlights der letzten 5 Jahre vorstellen.<\/p>\n<p>Dazu haben wir diejenigen gefragt, die FlyNex aufgebaut und geformt haben: unsere Gr\u00fcnder.<\/p>\n<\/div><div class=\"fusion-clearfix\"><\/div><\/div><\/div><\/div><\/div><div class=\"fusion-fullwidth fullwidth-box fusion-builder-row-3 nonhundred-percent-fullwidth non-hundred-percent-height-scrolling\" style=\"--awb-border-radius-top-left:0px;--awb-border-radius-top-right:0px;--awb-border-radius-bottom-right:0px;--awb-border-radius-bottom-left:0px;--awb-flex-wrap:wrap;\" ><div class=\"fusion-builder-row fusion-row\"><div class=\"fusion-layout-column fusion_builder_column fusion-builder-column-2 fusion_builder_column_1_1 1_1 fusion-one-full fusion-column-first fusion-column-last\" style=\"--awb-bg-size:cover;\"><div class=\"fusion-column-wrapper fusion-column-has-shadow fusion-flex-column-wrapper-legacy\"><div class=\"fusion-text fusion-text-2\" style=\"--awb-text-font-family:&quot;source-sans-pro-latin-regular&quot;;--awb-text-font-style:normal;--awb-text-font-weight:400;\"><h3><strong><img decoding=\"async\" class=\"lazyload  wp-image-6526 alignleft\" src=\"https:\/\/www.flynex.io\/wp-content\/uploads\/2020\/07\/CC_Crystal_Effekt.png\" data-orig-src=\"https:\/\/www.flynex.io\/wp-content\/uploads\/2020\/07\/CC_Crystal_Effekt.png\" alt=\"\" width=\"200\" height=\"207\" srcset=\"data:image\/svg+xml,%3Csvg%20xmlns%3D%27http%3A%2F%2Fwww.w3.org%2F2000%2Fsvg%27%20width%3D%27200%27%20height%3D%27207%27%20viewBox%3D%270%200%20200%20207%27%3E%3Crect%20width%3D%27200%27%20height%3D%27207%27%20fill-opacity%3D%220%22%2F%3E%3C%2Fsvg%3E\" data-srcset=\"https:\/\/www.flynex.io\/wp-content\/uploads\/2020\/07\/CC_Crystal_Effekt-200x207.png 200w, https:\/\/www.flynex.io\/wp-content\/uploads\/2020\/07\/CC_Crystal_Effekt-290x300.png 290w, https:\/\/www.flynex.io\/wp-content\/uploads\/2020\/07\/CC_Crystal_Effekt-400x414.png 400w, https:\/\/www.flynex.io\/wp-content\/uploads\/2020\/07\/CC_Crystal_Effekt.png 502w\" data-sizes=\"auto\" data-orig-sizes=\"(max-width: 200px) 100vw, 200px\" \/>FlyNex COO Christian Caballero<\/strong><\/h3>\n<p>Mein liebstes Highlight ist definitiv der Go-live von &#8222;Map2Fly&#8220; vor 3 Jahren. Ich wei\u00df noch, wie die Zugriffzahlen f\u00f6rmlich explodiert sind und wir&nbsp;innerhalb der ersten&nbsp;15 Stunden \u00fcber 1&nbsp;Mio Zugriffe hatten. Da haben wir geschwitzt und uns riesig gefreut.&nbsp;Wenig sp\u00e4ter stand Andreas als&nbsp;CEO mit dem Release unserer Management-Plattform auf einer B\u00fchne auf der CEBIT vor Weltpublikum. Das Interesse an unserer Arbeit ist seitdem riesig.<\/p>\n<p>Ein weiteres Highlight ist aber auf jeden Fall unsere&nbsp;erste gro\u00dfe gemeinsame Weihnachtsfeier 2017 mit \u00fcber 20 Mitarbeitern. Das war toll. Ich hatte ein gutes Gef\u00fchl Menschen einen Arbeitsplatz, spannende&nbsp;Aufgaben und ein famili\u00e4res Team&nbsp;bieten zu k\u00f6nnen und bekam leichte G\u00e4nsehaut, weil die Verantwortung gerade zur Weihnachtszeit sehr sp\u00fcrbar wurde.<\/p>\n<\/div><div class=\"fusion-clearfix\"><\/div><\/div><\/div><\/div><\/div><div class=\"fusion-fullwidth fullwidth-box fusion-builder-row-4 nonhundred-percent-fullwidth non-hundred-percent-height-scrolling fusion-equal-height-columns\" style=\"--awb-border-radius-top-left:0px;--awb-border-radius-top-right:0px;--awb-border-radius-bottom-right:0px;--awb-border-radius-bottom-left:0px;--awb-flex-wrap:wrap;\" ><div class=\"fusion-builder-row fusion-row\"><div class=\"fusion-layout-column fusion_builder_column fusion-builder-column-3 fusion_builder_column_1_1 1_1 fusion-one-full fusion-column-first fusion-column-last\" style=\"--awb-bg-size:cover;\"><div class=\"fusion-column-wrapper fusion-column-has-shadow fusion-flex-column-wrapper-legacy\"><div class=\"fusion-text fusion-text-3\" style=\"--awb-text-font-family:&quot;source-sans-pro-latin-regular&quot;;--awb-text-font-style:normal;--awb-text-font-weight:400;\"><h3><strong><img decoding=\"async\" class=\"lazyload wp-image-6532 alignright\" src=\"https:\/\/www.flynex.io\/wp-content\/uploads\/2020\/07\/HD_Crystal_Effekt.png\" data-orig-src=\"https:\/\/www.flynex.io\/wp-content\/uploads\/2020\/07\/HD_Crystal_Effekt.png\" alt=\"\" width=\"200\" height=\"207\" srcset=\"data:image\/svg+xml,%3Csvg%20xmlns%3D%27http%3A%2F%2Fwww.w3.org%2F2000%2Fsvg%27%20width%3D%27200%27%20height%3D%27207%27%20viewBox%3D%270%200%20200%20207%27%3E%3Crect%20width%3D%27200%27%20height%3D%27207%27%20fill-opacity%3D%220%22%2F%3E%3C%2Fsvg%3E\" data-srcset=\"https:\/\/www.flynex.io\/wp-content\/uploads\/2020\/07\/HD_Crystal_Effekt-200x207.png 200w, https:\/\/www.flynex.io\/wp-content\/uploads\/2020\/07\/HD_Crystal_Effekt-290x300.png 290w, https:\/\/www.flynex.io\/wp-content\/uploads\/2020\/07\/HD_Crystal_Effekt-400x414.png 400w, https:\/\/www.flynex.io\/wp-content\/uploads\/2020\/07\/HD_Crystal_Effekt.png 502w\" data-sizes=\"auto\" data-orig-sizes=\"(max-width: 200px) 100vw, 200px\" \/>FlyNex CTO Holger Dirksen<\/strong><\/h3>\n<p>Mein Highlight beginnt mit der Gr\u00fcndung von FlyNex. Der Beginn einer abenteuerlichen Reise mit drei engagierten Mitstreitern, die ich nicht einmal pers\u00f6nlich kannte, war inspirierend und spannend. Die Vision von damals treibt mich heute noch an und obwohl wir nicht in allen Punkten richtig lagen, so hat es sich bis heute gezeigt, dass wir schlicht der Zeit voraus waren.<\/p>\n<p>Aber auch jetzt, wo wir von vielen Seiten positiven Zuspruch erhalten, gibt es, wie auch in der Vergangenheit, immer wieder Momente in denen wir vier nicht zwingend einer Meinung sind, aber am Ende trotzdem die beste L\u00f6sung finden. Das zieht sich wie ein roter Faden durch die vergangene Zeit und wird mich\/uns hoffentlich auch in der Zukunft begleiten.<\/p>\n<\/div><div class=\"fusion-clearfix\"><\/div><\/div><\/div><\/div><\/div><div class=\"fusion-fullwidth fullwidth-box fusion-builder-row-5 nonhundred-percent-fullwidth non-hundred-percent-height-scrolling fusion-equal-height-columns\" style=\"--awb-border-radius-top-left:0px;--awb-border-radius-top-right:0px;--awb-border-radius-bottom-right:0px;--awb-border-radius-bottom-left:0px;--awb-flex-wrap:wrap;\" ><div class=\"fusion-builder-row fusion-row\"><div class=\"fusion-layout-column fusion_builder_column fusion-builder-column-4 fusion_builder_column_1_1 1_1 fusion-one-full fusion-column-first fusion-column-last\" style=\"--awb-bg-size:cover;\"><div class=\"fusion-column-wrapper fusion-column-has-shadow fusion-flex-column-wrapper-legacy\"><div class=\"fusion-text fusion-text-4\" style=\"--awb-text-font-family:&quot;source-sans-pro-latin-regular&quot;;--awb-text-font-style:normal;--awb-text-font-weight:400;\"><h3><strong><img decoding=\"async\" class=\"lazyload  wp-image-6530 alignleft\" src=\"https:\/\/www.flynex.io\/wp-content\/uploads\/2020\/07\/MP_Crystal_Effekt.png\" data-orig-src=\"https:\/\/www.flynex.io\/wp-content\/uploads\/2020\/07\/MP_Crystal_Effekt.png\" alt=\"\" width=\"200\" height=\"207\" srcset=\"data:image\/svg+xml,%3Csvg%20xmlns%3D%27http%3A%2F%2Fwww.w3.org%2F2000%2Fsvg%27%20width%3D%27200%27%20height%3D%27207%27%20viewBox%3D%270%200%20200%20207%27%3E%3Crect%20width%3D%27200%27%20height%3D%27207%27%20fill-opacity%3D%220%22%2F%3E%3C%2Fsvg%3E\" data-srcset=\"https:\/\/www.flynex.io\/wp-content\/uploads\/2020\/07\/MP_Crystal_Effekt-200x207.png 200w, https:\/\/www.flynex.io\/wp-content\/uploads\/2020\/07\/MP_Crystal_Effekt-290x300.png 290w, https:\/\/www.flynex.io\/wp-content\/uploads\/2020\/07\/MP_Crystal_Effekt-400x414.png 400w, https:\/\/www.flynex.io\/wp-content\/uploads\/2020\/07\/MP_Crystal_Effekt.png 502w\" data-sizes=\"auto\" data-orig-sizes=\"(max-width: 200px) 100vw, 200px\" \/>FlyNex CFO Michael Petrosjan<\/strong><\/h3>\n<p>Die letzten 5 Jahre sind wirklich wie im Flug vergangen. Dabei war jeder Tag f\u00fcr mich ein kleines Highlight. Zwei Punkte stechen aber auf jeden Fall heraus. Zum einen der Release unserer Map2Fly im Januar 2018. Damit konnten wir unser Produkt erstmals, ganz flexibel, ortsunabh\u00e4ngig f\u00fcr alle zug\u00e4nglich machen.<\/p>\n<p>Als zweites muss ich die BVLOS-Befliegung im Januar 2020 nennen. Dort haben wir mit MITNETZ STROM insgesamt 70 Stromleitungen und -masten inspiziert. Wir waren die ersten, die aufzeigen konnten, dass BVLOS-Fl\u00fcge auf langer Strecke m\u00f6glich sind und Drohnen skalierbar in der Energiebranche implementiert werden k\u00f6nnen. Ich freue mich auf die n\u00e4chsten Jahre, in denen wir weitere M\u00f6glichkeiten bekommen werden, genau das f\u00fcr andere Branchen und Unternehmen zu erm\u00f6glichen.<\/p>\n<\/div><div class=\"fusion-clearfix\"><\/div><\/div><\/div><\/div><\/div><div class=\"fusion-fullwidth fullwidth-box fusion-builder-row-6 nonhundred-percent-fullwidth non-hundred-percent-height-scrolling\" style=\"--awb-border-radius-top-left:0px;--awb-border-radius-top-right:0px;--awb-border-radius-bottom-right:0px;--awb-border-radius-bottom-left:0px;--awb-flex-wrap:wrap;\" ><div class=\"fusion-builder-row fusion-row\"><div class=\"fusion-layout-column fusion_builder_column fusion-builder-column-5 fusion_builder_column_1_1 1_1 fusion-one-full fusion-column-first fusion-column-last\" style=\"--awb-bg-size:cover;\"><div class=\"fusion-column-wrapper fusion-column-has-shadow fusion-flex-column-wrapper-legacy\"><div class=\"fusion-text fusion-text-5\" style=\"--awb-text-font-family:&quot;source-sans-pro-latin-regular&quot;;--awb-text-font-style:normal;--awb-text-font-weight:400;\"><h3><strong><img decoding=\"async\" class=\"lazyload wp-image-6528 alignright\" src=\"https:\/\/www.flynex.io\/wp-content\/uploads\/2020\/07\/AD_Crystal_Effekt.png\" data-orig-src=\"https:\/\/www.flynex.io\/wp-content\/uploads\/2020\/07\/AD_Crystal_Effekt.png\" alt=\"\" width=\"200\" height=\"207\" srcset=\"data:image\/svg+xml,%3Csvg%20xmlns%3D%27http%3A%2F%2Fwww.w3.org%2F2000%2Fsvg%27%20width%3D%27200%27%20height%3D%27207%27%20viewBox%3D%270%200%20200%20207%27%3E%3Crect%20width%3D%27200%27%20height%3D%27207%27%20fill-opacity%3D%220%22%2F%3E%3C%2Fsvg%3E\" data-srcset=\"https:\/\/www.flynex.io\/wp-content\/uploads\/2020\/07\/AD_Crystal_Effekt-200x207.png 200w, https:\/\/www.flynex.io\/wp-content\/uploads\/2020\/07\/AD_Crystal_Effekt-290x300.png 290w, https:\/\/www.flynex.io\/wp-content\/uploads\/2020\/07\/AD_Crystal_Effekt-400x414.png 400w, https:\/\/www.flynex.io\/wp-content\/uploads\/2020\/07\/AD_Crystal_Effekt.png 502w\" data-sizes=\"auto\" data-orig-sizes=\"(max-width: 200px) 100vw, 200px\" \/>FlyNex CEO Andreas Dunsch<\/strong><\/h3>\n<div>Meine Highlights der letzten 5 Jahre kann ich garnicht so genau filtern, da es einfach sehr sehr viele Momente und Entwicklungsschritte gab. Ein Highlight aber definitiv ist, zu Verfolgen wie sich das Team mit wachsenden Aufgaben entwickelt. Wenn man dann verfolgt wie jeder einzelne daran w\u00e4chst und das pers\u00f6nliche Wachstum mit den Erfolgen in der Unternehmensentwicklung gekoppelt sind, freut mich das besonders!<\/div>\n<div>Mein pers\u00f6nliches Highlight vor diesem Hintergrund ist mein ganz pers\u00f6nlicher Lernerfolg, wenn ich heute zur\u00fcckschaue! Ich habe wahnsinnig viel gelernt! F\u00fcr das Unternehmen empfinde ich es als absolutes Highlight wie wir uns als f\u00fchrende L\u00f6sung f\u00fcr einen stetig wachsenden Markt im Drohnenumfeld entwickelt haben. Und aus dieser Position heraus werden noch viele Highlights auf uns warten!<\/div>\n<\/div><div class=\"fusion-clearfix\"><\/div><\/div><\/div><\/div><\/div><div class=\"fusion-fullwidth fullwidth-box fusion-builder-row-7 nonhundred-percent-fullwidth non-hundred-percent-height-scrolling\" style=\"--awb-border-radius-top-left:0px;--awb-border-radius-top-right:0px;--awb-border-radius-bottom-right:0px;--awb-border-radius-bottom-left:0px;--awb-flex-wrap:wrap;\" ><div class=\"fusion-builder-row fusion-row\"><div class=\"fusion-layout-column fusion_builder_column fusion-builder-column-6 fusion_builder_column_1_1 1_1 fusion-one-full fusion-column-first fusion-column-last\" style=\"--awb-bg-size:cover;\"><div class=\"fusion-column-wrapper fusion-column-has-shadow fusion-flex-column-wrapper-legacy\"><div class=\"fusion-sep-clear\"><\/div><div class=\"fusion-separator\" style=\"margin-left: auto;margin-right: auto;margin-top:20px;margin-bottom:20px;width:100%;max-width:40%;\"><div class=\"fusion-separator-border sep-single sep-solid\" style=\"--awb-height:20px;--awb-amount:20px;border-color:#e0dede;border-top-width:2px;\"><\/div><\/div><div class=\"fusion-sep-clear\"><\/div><div class=\"fusion-text fusion-text-6\" style=\"--awb-text-font-family:&quot;source-sans-pro-latin-regular&quot;;--awb-text-font-style:normal;--awb-text-font-weight:400;\"><p>Wir m\u00f6chten an dieser Stelle aber auch auf die Partner, Unterst\u00fctzer und vor allem die Nutzer schauen, die uns die Jahre \u00fcber begleitet haben. Inzwischen sind wir jeden Tag durch Feedback, gemeinsame Projekte und Befliegungen rund um die Welt mit Firmen und Menschen in Kontakt, die mit uns die Vision verwirklichen, Drohnen f\u00fcr unterschiedlichste Anwendungsf\u00e4lle aus Medizin, Bau, Energieversorgung oder anderen Bereichen zu nutzen.<\/p>\n<h3>Danke! Und auf die n\u00e4chsten 5 Jahre und dar\u00fcber hinaus.<\/h3>\n<h3>Ihr FlyNex-Team<\/h3>\n<\/div><div class=\"fusion-clearfix\"><\/div><\/div><\/div><\/div><\/div><\/p>\n","protected":false},"excerpt":{"rendered":"","protected":false},"author":1342,"featured_media":6682,"comment_status":"open","ping_status":"open","sticky":false,"template":"","format":"standard","meta":{"footnotes":""},"categories":[1],"tags":[493,213,492,491,212],"class_list":["post-6414","post","type-post","status-publish","format-standard","has-post-thumbnail","hentry","category-news","tag-5-jahre","tag-andreas-dunsch","tag-gruender","tag-jubilaeum","tag-michael-petrosjan"],"yoast_head":"<!-- This site is optimized with the Yoast SEO plugin v26.1.1 - https:\/\/yoast.com\/wordpress\/plugins\/seo\/ -->\n<title>5 Jahre FlyNex! - Unsere Highlights zum Jubil\u00e4um<\/title>\n<meta name=\"robots\" content=\"index, follow, max-snippet:-1, max-image-preview:large, max-video-preview:-1\" \/>\n<link rel=\"canonical\" href=\"https:\/\/www.flynex.io\/de\/news\/5-jahre-flynex-unsere-highlights-zum-jubilaeum\/\" \/>\n<meta property=\"og:locale\" content=\"de_DE\" \/>\n<meta property=\"og:type\" content=\"article\" \/>\n<meta property=\"og:title\" content=\"5 Jahre FlyNex! - Unsere Highlights zum Jubil\u00e4um\" \/>\n<meta property=\"og:url\" content=\"https:\/\/www.flynex.io\/de\/news\/5-jahre-flynex-unsere-highlights-zum-jubilaeum\/\" \/>\n<meta property=\"og:site_name\" content=\"FlyNex\" \/>\n<meta property=\"article:publisher\" content=\"https:\/\/www.facebook.com\/flynex.io\/\" \/>\n<meta property=\"article:published_time\" content=\"2020-07-27T11:14:37+00:00\" \/>\n<meta property=\"article:modified_time\" content=\"2025-01-15T14:21:41+00:00\" \/>\n<meta property=\"og:image\" content=\"https:\/\/www.flynex.io\/wp-content\/uploads\/2020\/07\/5-Jahre.jpg\" \/>\n\t<meta property=\"og:image:width\" content=\"1652\" \/>\n\t<meta property=\"og:image:height\" content=\"923\" \/>\n\t<meta property=\"og:image:type\" content=\"image\/jpeg\" \/>\n<meta name=\"author\" content=\"FlyNex\" \/>\n<meta name=\"twitter:card\" content=\"summary_large_image\" \/>\n<meta name=\"twitter:creator\" content=\"@FlyNex_io\" \/>\n<meta name=\"twitter:site\" content=\"@FlyNex_io\" \/>\n<meta name=\"twitter:label1\" content=\"Verfasst von\" \/>\n\t<meta name=\"twitter:data1\" content=\"FlyNex\" \/>\n\t<meta name=\"twitter:label2\" content=\"Gesch\u00e4tzte Lesezeit\" \/>\n\t<meta name=\"twitter:data2\" content=\"15\u00a0Minuten\" \/>\n<script type=\"application\/ld+json\" class=\"yoast-schema-graph\">{\"@context\":\"https:\/\/schema.org\",\"@graph\":[{\"@type\":\"Article\",\"@id\":\"https:\/\/www.flynex.io\/de\/news\/5-jahre-flynex-unsere-highlights-zum-jubilaeum\/#article\",\"isPartOf\":{\"@id\":\"https:\/\/www.flynex.io\/de\/news\/5-jahre-flynex-unsere-highlights-zum-jubilaeum\/\"},\"author\":{\"name\":\"FlyNex\",\"@id\":\"https:\/\/live-new03.flynex.io\/en\/#\/schema\/person\/9da1d4f62535ff14fe5c710c1df495cf\"},\"headline\":\"5 Jahre FlyNex! &#8211; Unsere Highlights zum Jubil\u00e4um\",\"datePublished\":\"2020-07-27T11:14:37+00:00\",\"dateModified\":\"2025-01-15T14:21:41+00:00\",\"mainEntityOfPage\":{\"@id\":\"https:\/\/www.flynex.io\/de\/news\/5-jahre-flynex-unsere-highlights-zum-jubilaeum\/\"},\"wordCount\":2908,\"commentCount\":0,\"publisher\":{\"@id\":\"https:\/\/live-new03.flynex.io\/en\/#organization\"},\"image\":{\"@id\":\"https:\/\/www.flynex.io\/de\/news\/5-jahre-flynex-unsere-highlights-zum-jubilaeum\/#primaryimage\"},\"thumbnailUrl\":\"https:\/\/www.flynex.io\/wp-content\/uploads\/2020\/07\/5-Jahre.jpg\",\"keywords\":[\"5 Jahre\",\"Andreas Dunsch\",\"Gr\u00fcnder\",\"Jubil\u00e4um\",\"Michael Petrosjan\"],\"articleSection\":[\"News\"],\"inLanguage\":\"de\",\"potentialAction\":[{\"@type\":\"CommentAction\",\"name\":\"Comment\",\"target\":[\"https:\/\/www.flynex.io\/de\/news\/5-jahre-flynex-unsere-highlights-zum-jubilaeum\/#respond\"]}]},{\"@type\":\"WebPage\",\"@id\":\"https:\/\/www.flynex.io\/de\/news\/5-jahre-flynex-unsere-highlights-zum-jubilaeum\/\",\"url\":\"https:\/\/www.flynex.io\/de\/news\/5-jahre-flynex-unsere-highlights-zum-jubilaeum\/\",\"name\":\"5 Jahre FlyNex! - Unsere Highlights zum Jubil\u00e4um\",\"isPartOf\":{\"@id\":\"https:\/\/live-new03.flynex.io\/en\/#website\"},\"primaryImageOfPage\":{\"@id\":\"https:\/\/www.flynex.io\/de\/news\/5-jahre-flynex-unsere-highlights-zum-jubilaeum\/#primaryimage\"},\"image\":{\"@id\":\"https:\/\/www.flynex.io\/de\/news\/5-jahre-flynex-unsere-highlights-zum-jubilaeum\/#primaryimage\"},\"thumbnailUrl\":\"https:\/\/www.flynex.io\/wp-content\/uploads\/2020\/07\/5-Jahre.jpg\",\"datePublished\":\"2020-07-27T11:14:37+00:00\",\"dateModified\":\"2025-01-15T14:21:41+00:00\",\"breadcrumb\":{\"@id\":\"https:\/\/www.flynex.io\/de\/news\/5-jahre-flynex-unsere-highlights-zum-jubilaeum\/#breadcrumb\"},\"inLanguage\":\"de\",\"potentialAction\":[{\"@type\":\"ReadAction\",\"target\":[\"https:\/\/www.flynex.io\/de\/news\/5-jahre-flynex-unsere-highlights-zum-jubilaeum\/\"]}]},{\"@type\":\"ImageObject\",\"inLanguage\":\"de\",\"@id\":\"https:\/\/www.flynex.io\/de\/news\/5-jahre-flynex-unsere-highlights-zum-jubilaeum\/#primaryimage\",\"url\":\"https:\/\/www.flynex.io\/wp-content\/uploads\/2020\/07\/5-Jahre.jpg\",\"contentUrl\":\"https:\/\/www.flynex.io\/wp-content\/uploads\/2020\/07\/5-Jahre.jpg\",\"width\":1652,\"height\":923},{\"@type\":\"BreadcrumbList\",\"@id\":\"https:\/\/www.flynex.io\/de\/news\/5-jahre-flynex-unsere-highlights-zum-jubilaeum\/#breadcrumb\",\"itemListElement\":[{\"@type\":\"ListItem\",\"position\":1,\"name\":\"Home\",\"item\":\"https:\/\/www.flynex.io\/de\/\"},{\"@type\":\"ListItem\",\"position\":2,\"name\":\"5 Jahre FlyNex! &#8211; Unsere Highlights zum Jubil\u00e4um\"}]},{\"@type\":\"WebSite\",\"@id\":\"https:\/\/live-new03.flynex.io\/en\/#website\",\"url\":\"https:\/\/live-new03.flynex.io\/en\/\",\"name\":\"FlyNex\",\"description\":\"Drone Data &amp; Workflow Solution\",\"publisher\":{\"@id\":\"https:\/\/live-new03.flynex.io\/en\/#organization\"},\"potentialAction\":[{\"@type\":\"SearchAction\",\"target\":{\"@type\":\"EntryPoint\",\"urlTemplate\":\"https:\/\/live-new03.flynex.io\/en\/?s={search_term_string}\"},\"query-input\":{\"@type\":\"PropertyValueSpecification\",\"valueRequired\":true,\"valueName\":\"search_term_string\"}}],\"inLanguage\":\"de\"},{\"@type\":\"Organization\",\"@id\":\"https:\/\/live-new03.flynex.io\/en\/#organization\",\"name\":\"FlyNex\",\"url\":\"https:\/\/live-new03.flynex.io\/en\/\",\"logo\":{\"@type\":\"ImageObject\",\"inLanguage\":\"de\",\"@id\":\"https:\/\/live-new03.flynex.io\/en\/#\/schema\/logo\/image\/\",\"url\":\"https:\/\/www.flynex.io\/wp-content\/uploads\/2020\/06\/FlyNex_logo_blue.png\",\"contentUrl\":\"https:\/\/www.flynex.io\/wp-content\/uploads\/2020\/06\/FlyNex_logo_blue.png\",\"width\":5257,\"height\":1000,\"caption\":\"FlyNex\"},\"image\":{\"@id\":\"https:\/\/live-new03.flynex.io\/en\/#\/schema\/logo\/image\/\"},\"sameAs\":[\"https:\/\/www.facebook.com\/flynex.io\/\",\"https:\/\/x.com\/FlyNex_io\",\"https:\/\/www.instagram.com\/flynex.io\/\",\"https:\/\/www.linkedin.com\/company\/flynex-gmbh\/\",\"https:\/\/www.youtube.com\/channel\/UCRPBL25qUpiZ49nZpqPPnNQ\"]},{\"@type\":\"Person\",\"@id\":\"https:\/\/live-new03.flynex.io\/en\/#\/schema\/person\/9da1d4f62535ff14fe5c710c1df495cf\",\"name\":\"FlyNex\",\"image\":{\"@type\":\"ImageObject\",\"inLanguage\":\"de\",\"@id\":\"https:\/\/live-new03.flynex.io\/en\/#\/schema\/person\/image\/\",\"url\":\"https:\/\/secure.gravatar.com\/avatar\/67b01818ea464ca2ffe2923bd429a3fbd13b4672231c28662eed573b7143fc98?s=96&d=mm&r=g\",\"contentUrl\":\"https:\/\/secure.gravatar.com\/avatar\/67b01818ea464ca2ffe2923bd429a3fbd13b4672231c28662eed573b7143fc98?s=96&d=mm&r=g\",\"caption\":\"FlyNex\"}}]}<\/script>\n<!-- \/ Yoast SEO plugin. -->","yoast_head_json":{"title":"5 Jahre FlyNex! - Unsere Highlights zum Jubil\u00e4um","robots":{"index":"index","follow":"follow","max-snippet":"max-snippet:-1","max-image-preview":"max-image-preview:large","max-video-preview":"max-video-preview:-1"},"canonical":"https:\/\/www.flynex.io\/de\/news\/5-jahre-flynex-unsere-highlights-zum-jubilaeum\/","og_locale":"de_DE","og_type":"article","og_title":"5 Jahre FlyNex! - Unsere Highlights zum Jubil\u00e4um","og_url":"https:\/\/www.flynex.io\/de\/news\/5-jahre-flynex-unsere-highlights-zum-jubilaeum\/","og_site_name":"FlyNex","article_publisher":"https:\/\/www.facebook.com\/flynex.io\/","article_published_time":"2020-07-27T11:14:37+00:00","article_modified_time":"2025-01-15T14:21:41+00:00","og_image":[{"width":1652,"height":923,"url":"https:\/\/www.flynex.io\/wp-content\/uploads\/2020\/07\/5-Jahre.jpg","type":"image\/jpeg"}],"author":"FlyNex","twitter_card":"summary_large_image","twitter_creator":"@FlyNex_io","twitter_site":"@FlyNex_io","twitter_misc":{"Verfasst von":"FlyNex","Gesch\u00e4tzte Lesezeit":"15\u00a0Minuten"},"schema":{"@context":"https:\/\/schema.org","@graph":[{"@type":"Article","@id":"https:\/\/www.flynex.io\/de\/news\/5-jahre-flynex-unsere-highlights-zum-jubilaeum\/#article","isPartOf":{"@id":"https:\/\/www.flynex.io\/de\/news\/5-jahre-flynex-unsere-highlights-zum-jubilaeum\/"},"author":{"name":"FlyNex","@id":"https:\/\/live-new03.flynex.io\/en\/#\/schema\/person\/9da1d4f62535ff14fe5c710c1df495cf"},"headline":"5 Jahre FlyNex! &#8211; Unsere Highlights zum Jubil\u00e4um","datePublished":"2020-07-27T11:14:37+00:00","dateModified":"2025-01-15T14:21:41+00:00","mainEntityOfPage":{"@id":"https:\/\/www.flynex.io\/de\/news\/5-jahre-flynex-unsere-highlights-zum-jubilaeum\/"},"wordCount":2908,"commentCount":0,"publisher":{"@id":"https:\/\/live-new03.flynex.io\/en\/#organization"},"image":{"@id":"https:\/\/www.flynex.io\/de\/news\/5-jahre-flynex-unsere-highlights-zum-jubilaeum\/#primaryimage"},"thumbnailUrl":"https:\/\/www.flynex.io\/wp-content\/uploads\/2020\/07\/5-Jahre.jpg","keywords":["5 Jahre","Andreas Dunsch","Gr\u00fcnder","Jubil\u00e4um","Michael Petrosjan"],"articleSection":["News"],"inLanguage":"de","potentialAction":[{"@type":"CommentAction","name":"Comment","target":["https:\/\/www.flynex.io\/de\/news\/5-jahre-flynex-unsere-highlights-zum-jubilaeum\/#respond"]}]},{"@type":"WebPage","@id":"https:\/\/www.flynex.io\/de\/news\/5-jahre-flynex-unsere-highlights-zum-jubilaeum\/","url":"https:\/\/www.flynex.io\/de\/news\/5-jahre-flynex-unsere-highlights-zum-jubilaeum\/","name":"5 Jahre FlyNex! - Unsere Highlights zum Jubil\u00e4um","isPartOf":{"@id":"https:\/\/live-new03.flynex.io\/en\/#website"},"primaryImageOfPage":{"@id":"https:\/\/www.flynex.io\/de\/news\/5-jahre-flynex-unsere-highlights-zum-jubilaeum\/#primaryimage"},"image":{"@id":"https:\/\/www.flynex.io\/de\/news\/5-jahre-flynex-unsere-highlights-zum-jubilaeum\/#primaryimage"},"thumbnailUrl":"https:\/\/www.flynex.io\/wp-content\/uploads\/2020\/07\/5-Jahre.jpg","datePublished":"2020-07-27T11:14:37+00:00","dateModified":"2025-01-15T14:21:41+00:00","breadcrumb":{"@id":"https:\/\/www.flynex.io\/de\/news\/5-jahre-flynex-unsere-highlights-zum-jubilaeum\/#breadcrumb"},"inLanguage":"de","potentialAction":[{"@type":"ReadAction","target":["https:\/\/www.flynex.io\/de\/news\/5-jahre-flynex-unsere-highlights-zum-jubilaeum\/"]}]},{"@type":"ImageObject","inLanguage":"de","@id":"https:\/\/www.flynex.io\/de\/news\/5-jahre-flynex-unsere-highlights-zum-jubilaeum\/#primaryimage","url":"https:\/\/www.flynex.io\/wp-content\/uploads\/2020\/07\/5-Jahre.jpg","contentUrl":"https:\/\/www.flynex.io\/wp-content\/uploads\/2020\/07\/5-Jahre.jpg","width":1652,"height":923},{"@type":"BreadcrumbList","@id":"https:\/\/www.flynex.io\/de\/news\/5-jahre-flynex-unsere-highlights-zum-jubilaeum\/#breadcrumb","itemListElement":[{"@type":"ListItem","position":1,"name":"Home","item":"https:\/\/www.flynex.io\/de\/"},{"@type":"ListItem","position":2,"name":"5 Jahre FlyNex! &#8211; Unsere Highlights zum Jubil\u00e4um"}]},{"@type":"WebSite","@id":"https:\/\/live-new03.flynex.io\/en\/#website","url":"https:\/\/live-new03.flynex.io\/en\/","name":"FlyNex","description":"Drone Data &amp; Workflow Solution","publisher":{"@id":"https:\/\/live-new03.flynex.io\/en\/#organization"},"potentialAction":[{"@type":"SearchAction","target":{"@type":"EntryPoint","urlTemplate":"https:\/\/live-new03.flynex.io\/en\/?s={search_term_string}"},"query-input":{"@type":"PropertyValueSpecification","valueRequired":true,"valueName":"search_term_string"}}],"inLanguage":"de"},{"@type":"Organization","@id":"https:\/\/live-new03.flynex.io\/en\/#organization","name":"FlyNex","url":"https:\/\/live-new03.flynex.io\/en\/","logo":{"@type":"ImageObject","inLanguage":"de","@id":"https:\/\/live-new03.flynex.io\/en\/#\/schema\/logo\/image\/","url":"https:\/\/www.flynex.io\/wp-content\/uploads\/2020\/06\/FlyNex_logo_blue.png","contentUrl":"https:\/\/www.flynex.io\/wp-content\/uploads\/2020\/06\/FlyNex_logo_blue.png","width":5257,"height":1000,"caption":"FlyNex"},"image":{"@id":"https:\/\/live-new03.flynex.io\/en\/#\/schema\/logo\/image\/"},"sameAs":["https:\/\/www.facebook.com\/flynex.io\/","https:\/\/x.com\/FlyNex_io","https:\/\/www.instagram.com\/flynex.io\/","https:\/\/www.linkedin.com\/company\/flynex-gmbh\/","https:\/\/www.youtube.com\/channel\/UCRPBL25qUpiZ49nZpqPPnNQ"]},{"@type":"Person","@id":"https:\/\/live-new03.flynex.io\/en\/#\/schema\/person\/9da1d4f62535ff14fe5c710c1df495cf","name":"FlyNex","image":{"@type":"ImageObject","inLanguage":"de","@id":"https:\/\/live-new03.flynex.io\/en\/#\/schema\/person\/image\/","url":"https:\/\/secure.gravatar.com\/avatar\/67b01818ea464ca2ffe2923bd429a3fbd13b4672231c28662eed573b7143fc98?s=96&d=mm&r=g","contentUrl":"https:\/\/secure.gravatar.com\/avatar\/67b01818ea464ca2ffe2923bd429a3fbd13b4672231c28662eed573b7143fc98?s=96&d=mm&r=g","caption":"FlyNex"}}]}},"_links":{"self":[{"href":"https:\/\/www.flynex.io\/de\/wp-json\/wp\/v2\/posts\/6414","targetHints":{"allow":["GET"]}}],"collection":[{"href":"https:\/\/www.flynex.io\/de\/wp-json\/wp\/v2\/posts"}],"about":[{"href":"https:\/\/www.flynex.io\/de\/wp-json\/wp\/v2\/types\/post"}],"author":[{"embeddable":true,"href":"https:\/\/www.flynex.io\/de\/wp-json\/wp\/v2\/users\/1342"}],"replies":[{"embeddable":true,"href":"https:\/\/www.flynex.io\/de\/wp-json\/wp\/v2\/comments?post=6414"}],"version-history":[{"count":1,"href":"https:\/\/www.flynex.io\/de\/wp-json\/wp\/v2\/posts\/6414\/revisions"}],"predecessor-version":[{"id":36369,"href":"https:\/\/www.flynex.io\/de\/wp-json\/wp\/v2\/posts\/6414\/revisions\/36369"}],"wp:featuredmedia":[{"embeddable":true,"href":"https:\/\/www.flynex.io\/de\/wp-json\/wp\/v2\/media\/6682"}],"wp:attachment":[{"href":"https:\/\/www.flynex.io\/de\/wp-json\/wp\/v2\/media?parent=6414"}],"wp:term":[{"taxonomy":"category","embeddable":true,"href":"https:\/\/www.flynex.io\/de\/wp-json\/wp\/v2\/categories?post=6414"},{"taxonomy":"post_tag","embeddable":true,"href":"https:\/\/www.flynex.io\/de\/wp-json\/wp\/v2\/tags?post=6414"}],"curies":[{"name":"wp","href":"https:\/\/api.w.org\/{rel}","templated":true}]}}