{"id":2489,"date":"2020-02-18T13:15:14","date_gmt":"2020-02-18T12:15:14","guid":{"rendered":"http:\/\/fnwpcms.westeurope.cloudapp.azure.com\/?p=2489"},"modified":"2025-01-15T16:36:31","modified_gmt":"2025-01-15T15:36:31","slug":"neue-orthofotos-fuer-brandenburg","status":"publish","type":"post","link":"https:\/\/www.flynex.io\/de\/news\/neue-orthofotos-fuer-brandenburg\/","title":{"rendered":"Neue Orthofotos f\u00fcr Brandenburg"},"content":{"rendered":"<div class=\"fusion-fullwidth fullwidth-box fusion-builder-row-1 fusion-flex-container nonhundred-percent-fullwidth non-hundred-percent-height-scrolling\" style=\"--awb-border-radius-top-left:0px;--awb-border-radius-top-right:0px;--awb-border-radius-bottom-right:0px;--awb-border-radius-bottom-left:0px;--awb-flex-wrap:wrap;\" ><div class=\"fusion-builder-row fusion-row fusion-flex-align-items-flex-start fusion-flex-content-wrap\" style=\"max-width:1248px;margin-left: calc(-4% \/ 2 );margin-right: calc(-4% \/ 2 );\"><div class=\"fusion-layout-column fusion_builder_column fusion-builder-column-0 fusion_builder_column_1_1 1_1 fusion-flex-column\" style=\"--awb-bg-size:cover;--awb-width-large:100%;--awb-margin-top-large:0px;--awb-spacing-right-large:1.92%;--awb-margin-bottom-large:0px;--awb-spacing-left-large:1.92%;--awb-width-medium:100%;--awb-spacing-right-medium:1.92%;--awb-spacing-left-medium:1.92%;--awb-width-small:100%;--awb-spacing-right-small:1.92%;--awb-spacing-left-small:1.92%;\"><div class=\"fusion-column-wrapper fusion-flex-justify-content-flex-start fusion-content-layout-column\"><div class=\"fusion-text fusion-text-1\" style=\"--awb-text-font-family:&quot;source-sans-pro-latin-regular&quot;;--awb-text-font-style:normal;--awb-text-font-weight:400;\"><p>Brandenburg zieht mit! Jetzt stehen f\u00fcr Brandenburg die neuen Digitalen Orthofotos f\u00fcr die Kartenansicht bereit. Die neuen DOPs sind qualitativ viel hochwertiger und erlauben deshalb eine viel detailreichere Sicht auf das Bundesland. Damit ist Brandenburg das achte Bundesland mit aktualisierten DOP&#8217;s.<\/p>\n<h3>Bei der Planung ein wichtiger Faktor<\/h3>\n<p>Aktuelle und hochaufl\u00f6senden Karten sind f\u00fcr die Flugplanung enorm hilfreich. Umso leichter k\u00f6nnen Risiken verringert und die Flug-Genehmigung eingeholt werden.<\/p>\n<p>Wir w\u00fcnschen einen guten und sicheren Flug!<\/p>\n<p class=\"flynex-greet\">Ihr FlyNex Team<\/p>\n<\/div><\/div><\/div><\/div><\/div>\n","protected":false},"excerpt":{"rendered":"<p>Die neuen Luftbilder von Brandenburg sind nun auch in unserer Map2Fly verf\u00fcgbar. Hochaufl\u00f6send erlauben die Aufnahmen eine fehlerfreie und detaillierte Flugplanung.<\/p>\n","protected":false},"author":1342,"featured_media":2490,"comment_status":"open","ping_status":"open","sticky":false,"template":"","format":"standard","meta":{"footnotes":""},"categories":[451,1,6],"tags":[199,33,528,37,52,50],"class_list":["post-2489","post","type-post","status-publish","format-standard","has-post-thumbnail","hentry","category-karten-vermessung","category-news","category-software","tag-brandenburg","tag-drohne","tag-drohne-de","tag-map2fly","tag-orthofotos","tag-orthophotos"],"yoast_head":"<!-- This site is optimized with the Yoast SEO plugin v26.1.1 - https:\/\/yoast.com\/wordpress\/plugins\/seo\/ -->\n<title>Neue Orthofotos f\u00fcr Brandenburg - FlyNex<\/title>\n<meta name=\"description\" content=\"Die neuen Luftbilder von Brandenburg sind nun auch in unserer Map2Fly verf\u00fcgbar. Hochaufl\u00f6send erlauben die Aufnahmen eine fehlerfreie und detaillierte Flugplanung.\" \/>\n<meta name=\"robots\" content=\"noindex, follow\" \/>\n<meta property=\"og:locale\" content=\"de_DE\" \/>\n<meta property=\"og:type\" content=\"article\" \/>\n<meta property=\"og:title\" content=\"Neue Orthofotos f\u00fcr Brandenburg - FlyNex\" \/>\n<meta property=\"og:description\" content=\"Die neuen Luftbilder von Brandenburg sind nun auch in unserer Map2Fly verf\u00fcgbar. Hochaufl\u00f6send erlauben die Aufnahmen eine fehlerfreie und detaillierte Flugplanung.\" \/>\n<meta property=\"og:url\" content=\"https:\/\/www.flynex.io\/de\/news\/neue-orthofotos-fuer-brandenburg\/\" \/>\n<meta property=\"og:site_name\" content=\"FlyNex\" \/>\n<meta property=\"article:publisher\" content=\"https:\/\/www.facebook.com\/flynex.io\/\" \/>\n<meta property=\"article:published_time\" content=\"2020-02-18T12:15:14+00:00\" \/>\n<meta property=\"article:modified_time\" content=\"2025-01-15T15:36:31+00:00\" \/>\n<meta property=\"og:image\" content=\"https:\/\/www.flynex.io\/wp-content\/uploads\/2020\/05\/2020-02-18.jpg\" \/>\n\t<meta property=\"og:image:width\" content=\"1024\" \/>\n\t<meta property=\"og:image:height\" content=\"768\" \/>\n\t<meta property=\"og:image:type\" content=\"image\/jpeg\" \/>\n<meta name=\"author\" content=\"FlyNex\" \/>\n<meta name=\"twitter:card\" content=\"summary_large_image\" \/>\n<meta name=\"twitter:creator\" content=\"@FlyNex_io\" \/>\n<meta name=\"twitter:site\" content=\"@FlyNex_io\" \/>\n<meta name=\"twitter:label1\" content=\"Verfasst von\" \/>\n\t<meta name=\"twitter:data1\" content=\"FlyNex\" \/>\n\t<meta name=\"twitter:label2\" content=\"Gesch\u00e4tzte Lesezeit\" \/>\n\t<meta name=\"twitter:data2\" content=\"1\u00a0Minute\" \/>\n<script type=\"application\/ld+json\" class=\"yoast-schema-graph\">{\"@context\":\"https:\/\/schema.org\",\"@graph\":[{\"@type\":\"Article\",\"@id\":\"https:\/\/www.flynex.io\/de\/news\/neue-orthofotos-fuer-brandenburg\/#article\",\"isPartOf\":{\"@id\":\"https:\/\/www.flynex.io\/de\/news\/neue-orthofotos-fuer-brandenburg\/\"},\"author\":{\"name\":\"FlyNex\",\"@id\":\"https:\/\/live-new03.flynex.io\/en\/#\/schema\/person\/9da1d4f62535ff14fe5c710c1df495cf\"},\"headline\":\"Neue Orthofotos f\u00fcr Brandenburg\",\"datePublished\":\"2020-02-18T12:15:14+00:00\",\"dateModified\":\"2025-01-15T15:36:31+00:00\",\"mainEntityOfPage\":{\"@id\":\"https:\/\/www.flynex.io\/de\/news\/neue-orthofotos-fuer-brandenburg\/\"},\"wordCount\":208,\"commentCount\":0,\"publisher\":{\"@id\":\"https:\/\/live-new03.flynex.io\/en\/#organization\"},\"image\":{\"@id\":\"https:\/\/www.flynex.io\/de\/news\/neue-orthofotos-fuer-brandenburg\/#primaryimage\"},\"thumbnailUrl\":\"https:\/\/www.flynex.io\/wp-content\/uploads\/2020\/05\/2020-02-18.jpg\",\"keywords\":[\"Brandenburg\",\"Drohne\",\"Drohne\",\"Map2Fly\",\"Orthofotos\",\"Orthophotos\"],\"articleSection\":[\"Karten &amp; Vermessung\",\"News\",\"Software\"],\"inLanguage\":\"de\",\"potentialAction\":[{\"@type\":\"CommentAction\",\"name\":\"Comment\",\"target\":[\"https:\/\/www.flynex.io\/de\/news\/neue-orthofotos-fuer-brandenburg\/#respond\"]}]},{\"@type\":\"WebPage\",\"@id\":\"https:\/\/www.flynex.io\/de\/news\/neue-orthofotos-fuer-brandenburg\/\",\"url\":\"https:\/\/www.flynex.io\/de\/news\/neue-orthofotos-fuer-brandenburg\/\",\"name\":\"Neue Orthofotos f\u00fcr Brandenburg - FlyNex\",\"isPartOf\":{\"@id\":\"https:\/\/live-new03.flynex.io\/en\/#website\"},\"primaryImageOfPage\":{\"@id\":\"https:\/\/www.flynex.io\/de\/news\/neue-orthofotos-fuer-brandenburg\/#primaryimage\"},\"image\":{\"@id\":\"https:\/\/www.flynex.io\/de\/news\/neue-orthofotos-fuer-brandenburg\/#primaryimage\"},\"thumbnailUrl\":\"https:\/\/www.flynex.io\/wp-content\/uploads\/2020\/05\/2020-02-18.jpg\",\"datePublished\":\"2020-02-18T12:15:14+00:00\",\"dateModified\":\"2025-01-15T15:36:31+00:00\",\"description\":\"Die neuen Luftbilder von Brandenburg sind nun auch in unserer Map2Fly verf\u00fcgbar. Hochaufl\u00f6send erlauben die Aufnahmen eine fehlerfreie und detaillierte Flugplanung.\",\"breadcrumb\":{\"@id\":\"https:\/\/www.flynex.io\/de\/news\/neue-orthofotos-fuer-brandenburg\/#breadcrumb\"},\"inLanguage\":\"de\",\"potentialAction\":[{\"@type\":\"ReadAction\",\"target\":[\"https:\/\/www.flynex.io\/de\/news\/neue-orthofotos-fuer-brandenburg\/\"]}]},{\"@type\":\"ImageObject\",\"inLanguage\":\"de\",\"@id\":\"https:\/\/www.flynex.io\/de\/news\/neue-orthofotos-fuer-brandenburg\/#primaryimage\",\"url\":\"https:\/\/www.flynex.io\/wp-content\/uploads\/2020\/05\/2020-02-18.jpg\",\"contentUrl\":\"https:\/\/www.flynex.io\/wp-content\/uploads\/2020\/05\/2020-02-18.jpg\",\"width\":1024,\"height\":768,\"caption\":\"Brandenburg von oben\"},{\"@type\":\"BreadcrumbList\",\"@id\":\"https:\/\/www.flynex.io\/de\/news\/neue-orthofotos-fuer-brandenburg\/#breadcrumb\",\"itemListElement\":[{\"@type\":\"ListItem\",\"position\":1,\"name\":\"Home\",\"item\":\"https:\/\/www.flynex.io\/de\/\"},{\"@type\":\"ListItem\",\"position\":2,\"name\":\"Neue Orthofotos f\u00fcr Brandenburg\"}]},{\"@type\":\"WebSite\",\"@id\":\"https:\/\/live-new03.flynex.io\/en\/#website\",\"url\":\"https:\/\/live-new03.flynex.io\/en\/\",\"name\":\"FlyNex\",\"description\":\"Drone Data &amp; Workflow Solution\",\"publisher\":{\"@id\":\"https:\/\/live-new03.flynex.io\/en\/#organization\"},\"potentialAction\":[{\"@type\":\"SearchAction\",\"target\":{\"@type\":\"EntryPoint\",\"urlTemplate\":\"https:\/\/live-new03.flynex.io\/en\/?s={search_term_string}\"},\"query-input\":{\"@type\":\"PropertyValueSpecification\",\"valueRequired\":true,\"valueName\":\"search_term_string\"}}],\"inLanguage\":\"de\"},{\"@type\":\"Organization\",\"@id\":\"https:\/\/live-new03.flynex.io\/en\/#organization\",\"name\":\"FlyNex\",\"url\":\"https:\/\/live-new03.flynex.io\/en\/\",\"logo\":{\"@type\":\"ImageObject\",\"inLanguage\":\"de\",\"@id\":\"https:\/\/live-new03.flynex.io\/en\/#\/schema\/logo\/image\/\",\"url\":\"https:\/\/www.flynex.io\/wp-content\/uploads\/2020\/06\/FlyNex_logo_blue.png\",\"contentUrl\":\"https:\/\/www.flynex.io\/wp-content\/uploads\/2020\/06\/FlyNex_logo_blue.png\",\"width\":5257,\"height\":1000,\"caption\":\"FlyNex\"},\"image\":{\"@id\":\"https:\/\/live-new03.flynex.io\/en\/#\/schema\/logo\/image\/\"},\"sameAs\":[\"https:\/\/www.facebook.com\/flynex.io\/\",\"https:\/\/x.com\/FlyNex_io\",\"https:\/\/www.instagram.com\/flynex.io\/\",\"https:\/\/www.linkedin.com\/company\/flynex-gmbh\/\",\"https:\/\/www.youtube.com\/channel\/UCRPBL25qUpiZ49nZpqPPnNQ\"]},{\"@type\":\"Person\",\"@id\":\"https:\/\/live-new03.flynex.io\/en\/#\/schema\/person\/9da1d4f62535ff14fe5c710c1df495cf\",\"name\":\"FlyNex\",\"image\":{\"@type\":\"ImageObject\",\"inLanguage\":\"de\",\"@id\":\"https:\/\/live-new03.flynex.io\/en\/#\/schema\/person\/image\/\",\"url\":\"https:\/\/secure.gravatar.com\/avatar\/67b01818ea464ca2ffe2923bd429a3fbd13b4672231c28662eed573b7143fc98?s=96&d=mm&r=g\",\"contentUrl\":\"https:\/\/secure.gravatar.com\/avatar\/67b01818ea464ca2ffe2923bd429a3fbd13b4672231c28662eed573b7143fc98?s=96&d=mm&r=g\",\"caption\":\"FlyNex\"}}]}<\/script>\n<!-- \/ Yoast SEO plugin. -->","yoast_head_json":{"title":"Neue Orthofotos f\u00fcr Brandenburg - FlyNex","description":"Die neuen Luftbilder von Brandenburg sind nun auch in unserer Map2Fly verf\u00fcgbar. Hochaufl\u00f6send erlauben die Aufnahmen eine fehlerfreie und detaillierte Flugplanung.","robots":{"index":"noindex","follow":"follow"},"og_locale":"de_DE","og_type":"article","og_title":"Neue Orthofotos f\u00fcr Brandenburg - FlyNex","og_description":"Die neuen Luftbilder von Brandenburg sind nun auch in unserer Map2Fly verf\u00fcgbar. Hochaufl\u00f6send erlauben die Aufnahmen eine fehlerfreie und detaillierte Flugplanung.","og_url":"https:\/\/www.flynex.io\/de\/news\/neue-orthofotos-fuer-brandenburg\/","og_site_name":"FlyNex","article_publisher":"https:\/\/www.facebook.com\/flynex.io\/","article_published_time":"2020-02-18T12:15:14+00:00","article_modified_time":"2025-01-15T15:36:31+00:00","og_image":[{"width":1024,"height":768,"url":"https:\/\/www.flynex.io\/wp-content\/uploads\/2020\/05\/2020-02-18.jpg","type":"image\/jpeg"}],"author":"FlyNex","twitter_card":"summary_large_image","twitter_creator":"@FlyNex_io","twitter_site":"@FlyNex_io","twitter_misc":{"Verfasst von":"FlyNex","Gesch\u00e4tzte Lesezeit":"1\u00a0Minute"},"schema":{"@context":"https:\/\/schema.org","@graph":[{"@type":"Article","@id":"https:\/\/www.flynex.io\/de\/news\/neue-orthofotos-fuer-brandenburg\/#article","isPartOf":{"@id":"https:\/\/www.flynex.io\/de\/news\/neue-orthofotos-fuer-brandenburg\/"},"author":{"name":"FlyNex","@id":"https:\/\/live-new03.flynex.io\/en\/#\/schema\/person\/9da1d4f62535ff14fe5c710c1df495cf"},"headline":"Neue Orthofotos f\u00fcr Brandenburg","datePublished":"2020-02-18T12:15:14+00:00","dateModified":"2025-01-15T15:36:31+00:00","mainEntityOfPage":{"@id":"https:\/\/www.flynex.io\/de\/news\/neue-orthofotos-fuer-brandenburg\/"},"wordCount":208,"commentCount":0,"publisher":{"@id":"https:\/\/live-new03.flynex.io\/en\/#organization"},"image":{"@id":"https:\/\/www.flynex.io\/de\/news\/neue-orthofotos-fuer-brandenburg\/#primaryimage"},"thumbnailUrl":"https:\/\/www.flynex.io\/wp-content\/uploads\/2020\/05\/2020-02-18.jpg","keywords":["Brandenburg","Drohne","Drohne","Map2Fly","Orthofotos","Orthophotos"],"articleSection":["Karten &amp; Vermessung","News","Software"],"inLanguage":"de","potentialAction":[{"@type":"CommentAction","name":"Comment","target":["https:\/\/www.flynex.io\/de\/news\/neue-orthofotos-fuer-brandenburg\/#respond"]}]},{"@type":"WebPage","@id":"https:\/\/www.flynex.io\/de\/news\/neue-orthofotos-fuer-brandenburg\/","url":"https:\/\/www.flynex.io\/de\/news\/neue-orthofotos-fuer-brandenburg\/","name":"Neue Orthofotos f\u00fcr Brandenburg - FlyNex","isPartOf":{"@id":"https:\/\/live-new03.flynex.io\/en\/#website"},"primaryImageOfPage":{"@id":"https:\/\/www.flynex.io\/de\/news\/neue-orthofotos-fuer-brandenburg\/#primaryimage"},"image":{"@id":"https:\/\/www.flynex.io\/de\/news\/neue-orthofotos-fuer-brandenburg\/#primaryimage"},"thumbnailUrl":"https:\/\/www.flynex.io\/wp-content\/uploads\/2020\/05\/2020-02-18.jpg","datePublished":"2020-02-18T12:15:14+00:00","dateModified":"2025-01-15T15:36:31+00:00","description":"Die neuen Luftbilder von Brandenburg sind nun auch in unserer Map2Fly verf\u00fcgbar. Hochaufl\u00f6send erlauben die Aufnahmen eine fehlerfreie und detaillierte Flugplanung.","breadcrumb":{"@id":"https:\/\/www.flynex.io\/de\/news\/neue-orthofotos-fuer-brandenburg\/#breadcrumb"},"inLanguage":"de","potentialAction":[{"@type":"ReadAction","target":["https:\/\/www.flynex.io\/de\/news\/neue-orthofotos-fuer-brandenburg\/"]}]},{"@type":"ImageObject","inLanguage":"de","@id":"https:\/\/www.flynex.io\/de\/news\/neue-orthofotos-fuer-brandenburg\/#primaryimage","url":"https:\/\/www.flynex.io\/wp-content\/uploads\/2020\/05\/2020-02-18.jpg","contentUrl":"https:\/\/www.flynex.io\/wp-content\/uploads\/2020\/05\/2020-02-18.jpg","width":1024,"height":768,"caption":"Brandenburg von oben"},{"@type":"BreadcrumbList","@id":"https:\/\/www.flynex.io\/de\/news\/neue-orthofotos-fuer-brandenburg\/#breadcrumb","itemListElement":[{"@type":"ListItem","position":1,"name":"Home","item":"https:\/\/www.flynex.io\/de\/"},{"@type":"ListItem","position":2,"name":"Neue Orthofotos f\u00fcr Brandenburg"}]},{"@type":"WebSite","@id":"https:\/\/live-new03.flynex.io\/en\/#website","url":"https:\/\/live-new03.flynex.io\/en\/","name":"FlyNex","description":"Drone Data &amp; Workflow Solution","publisher":{"@id":"https:\/\/live-new03.flynex.io\/en\/#organization"},"potentialAction":[{"@type":"SearchAction","target":{"@type":"EntryPoint","urlTemplate":"https:\/\/live-new03.flynex.io\/en\/?s={search_term_string}"},"query-input":{"@type":"PropertyValueSpecification","valueRequired":true,"valueName":"search_term_string"}}],"inLanguage":"de"},{"@type":"Organization","@id":"https:\/\/live-new03.flynex.io\/en\/#organization","name":"FlyNex","url":"https:\/\/live-new03.flynex.io\/en\/","logo":{"@type":"ImageObject","inLanguage":"de","@id":"https:\/\/live-new03.flynex.io\/en\/#\/schema\/logo\/image\/","url":"https:\/\/www.flynex.io\/wp-content\/uploads\/2020\/06\/FlyNex_logo_blue.png","contentUrl":"https:\/\/www.flynex.io\/wp-content\/uploads\/2020\/06\/FlyNex_logo_blue.png","width":5257,"height":1000,"caption":"FlyNex"},"image":{"@id":"https:\/\/live-new03.flynex.io\/en\/#\/schema\/logo\/image\/"},"sameAs":["https:\/\/www.facebook.com\/flynex.io\/","https:\/\/x.com\/FlyNex_io","https:\/\/www.instagram.com\/flynex.io\/","https:\/\/www.linkedin.com\/company\/flynex-gmbh\/","https:\/\/www.youtube.com\/channel\/UCRPBL25qUpiZ49nZpqPPnNQ"]},{"@type":"Person","@id":"https:\/\/live-new03.flynex.io\/en\/#\/schema\/person\/9da1d4f62535ff14fe5c710c1df495cf","name":"FlyNex","image":{"@type":"ImageObject","inLanguage":"de","@id":"https:\/\/live-new03.flynex.io\/en\/#\/schema\/person\/image\/","url":"https:\/\/secure.gravatar.com\/avatar\/67b01818ea464ca2ffe2923bd429a3fbd13b4672231c28662eed573b7143fc98?s=96&d=mm&r=g","contentUrl":"https:\/\/secure.gravatar.com\/avatar\/67b01818ea464ca2ffe2923bd429a3fbd13b4672231c28662eed573b7143fc98?s=96&d=mm&r=g","caption":"FlyNex"}}]}},"_links":{"self":[{"href":"https:\/\/www.flynex.io\/de\/wp-json\/wp\/v2\/posts\/2489","targetHints":{"allow":["GET"]}}],"collection":[{"href":"https:\/\/www.flynex.io\/de\/wp-json\/wp\/v2\/posts"}],"about":[{"href":"https:\/\/www.flynex.io\/de\/wp-json\/wp\/v2\/types\/post"}],"author":[{"embeddable":true,"href":"https:\/\/www.flynex.io\/de\/wp-json\/wp\/v2\/users\/1342"}],"replies":[{"embeddable":true,"href":"https:\/\/www.flynex.io\/de\/wp-json\/wp\/v2\/comments?post=2489"}],"version-history":[{"count":2,"href":"https:\/\/www.flynex.io\/de\/wp-json\/wp\/v2\/posts\/2489\/revisions"}],"predecessor-version":[{"id":36402,"href":"https:\/\/www.flynex.io\/de\/wp-json\/wp\/v2\/posts\/2489\/revisions\/36402"}],"wp:featuredmedia":[{"embeddable":true,"href":"https:\/\/www.flynex.io\/de\/wp-json\/wp\/v2\/media\/2490"}],"wp:attachment":[{"href":"https:\/\/www.flynex.io\/de\/wp-json\/wp\/v2\/media?parent=2489"}],"wp:term":[{"taxonomy":"category","embeddable":true,"href":"https:\/\/www.flynex.io\/de\/wp-json\/wp\/v2\/categories?post=2489"},{"taxonomy":"post_tag","embeddable":true,"href":"https:\/\/www.flynex.io\/de\/wp-json\/wp\/v2\/tags?post=2489"}],"curies":[{"name":"wp","href":"https:\/\/api.w.org\/{rel}","templated":true}]}}