{"id":2199,"date":"2019-05-22T16:05:12","date_gmt":"2019-05-22T14:05:12","guid":{"rendered":"http:\/\/fnwpcms.westeurope.cloudapp.azure.com\/?p=2199"},"modified":"2025-01-15T18:43:55","modified_gmt":"2025-01-15T17:43:55","slug":"drohnen-in-der-smart-city-kein-leises-vergnuegen","status":"publish","type":"post","link":"https:\/\/www.flynex.io\/de\/urban-air-mobility\/drohnen-in-der-smart-city-kein-leises-vergnuegen\/","title":{"rendered":"Drohnen in der Smart City \u2013 kein leises Vergn\u00fcgen"},"content":{"rendered":"<div class=\"fusion-fullwidth fullwidth-box fusion-builder-row-1 fusion-flex-container nonhundred-percent-fullwidth non-hundred-percent-height-scrolling\" style=\"--awb-border-radius-top-left:0px;--awb-border-radius-top-right:0px;--awb-border-radius-bottom-right:0px;--awb-border-radius-bottom-left:0px;--awb-flex-wrap:wrap;\" ><div class=\"fusion-builder-row fusion-row fusion-flex-align-items-flex-start fusion-flex-content-wrap\" style=\"max-width:1248px;margin-left: calc(-4% \/ 2 );margin-right: calc(-4% \/ 2 );\"><div class=\"fusion-layout-column fusion_builder_column fusion-builder-column-0 fusion_builder_column_1_1 1_1 fusion-flex-column\" style=\"--awb-bg-size:cover;--awb-width-large:100%;--awb-margin-top-large:0px;--awb-spacing-right-large:1.92%;--awb-margin-bottom-large:0px;--awb-spacing-left-large:1.92%;--awb-width-medium:100%;--awb-spacing-right-medium:1.92%;--awb-spacing-left-medium:1.92%;--awb-width-small:100%;--awb-spacing-right-small:1.92%;--awb-spacing-left-small:1.92%;\"><div class=\"fusion-column-wrapper fusion-flex-justify-content-flex-start fusion-content-layout-column\"><div class=\"fusion-text fusion-text-1\" style=\"--awb-text-font-family:&quot;source-sans-pro-latin-regular&quot;;--awb-text-font-style:normal;--awb-text-font-weight:400;\"><p>Vergangenen Monat sind wir bereits auf die Herausforderungen von\u00a0<a href=\"https:\/\/www.flynex.io\/de\/blogpage\/integration\/drohne-lieferung-vision-der-zukunft-oder-utopie\">Drohneneins\u00e4tzen im Anwendungsfall Drohnenlieferungen<\/a>\u00a0eingegangen.<br \/>\nKurz nach der Ver\u00f6ffentlichung unseres Artikels erteilte die amerikanische Luftfahrtbeh\u00f6rde FAA an die Alphabet-Tochter\u00a0<a href=\"https:\/\/www.golem.de\/news\/alphabet-wing-aviation-darf-in-den-usa-per-drohne-ausliefern-1904-140844.html\" target=\"_blank\" rel=\"noopener noreferrer\">Wing Aviation die Genehmigung f\u00fcr Lieferungen per Drohne<\/a>.<\/p>\n<p>&nbsp;<\/p>\n<h2>Integration von Drohnen in die Smart City<\/h2>\n<p>Auch in Europa arbeitet Wing Aviation schon an den ersten Lieferungen per Drohne, beispielsweise in\u00a0<a href=\"https:\/\/www.golem.de\/news\/wing-alphabet-startet-mit-drohnenlieferungen-in-helsinki-1905-141343.html\">Helsinki<\/a>. W\u00e4hrend einige Kunden sich schon freuen, nicht mehr vergeblich auf den Transporter eines Logistikunternehmens warten zu m\u00fcssen,\u00a0<a href=\"https:\/\/www.businessinsider.de\/die-drohnenlieferung-wird-sich-nicht-durchsetzen-das-hat-einen-einfachen-grund-2018-1\">gibt es hierzulande Stimmen, die daran zweifeln, dass sich Drohnen im urbanen Raum durchsetzen werden<\/a>.<\/p>\n<p>Wir sind der Meinung, dass Drohnen ein effektives Werkzeug sind und in vielerlei Hinsicht Industrie und Wirtschaft ankurbeln werden, aber machen wir uns nichts vor: Drohnen k\u00f6nnen im urbanen Raum h\u00f6chstens unterst\u00fctzend den Logistikunternehmen dienen. Sie k\u00f6nnen die bisherige Logistik nicht vollends ersetzen.<\/p>\n<p>Ein Grund hierf\u00fcr ist das\u00a0<a href=\"https:\/\/de.statista.com\/statistik\/daten\/studie\/3979\/umfrage\/e-commerce-umsatz-in-deutschland-seit-1999\/\">stetige Wachstum im E-Commerce Sektor<\/a>. Wenn Logistikunternehmen nun versuchen, die Staus auf der Stra\u00dfe zu umgehen und s\u00e4mtliche Pakete per Drohne auszuliefern,\u00a0<a href=\"https:\/\/www.deutschlandfunknova.de\/nachrichten\/drohnen-wenn-die-kettensaege-kommt\">hat das zur Folge, dass es in St\u00e4dten bald viel lauter wird<\/a>.<\/p>\n<h3>Lautst\u00e4rke f\u00fchrt zu Stress und Ablehnung von Drohnen<\/h3>\n<p>Auf Youtube lassen sich einige\u00a0<a href=\"https:\/\/www.youtube.com\/watch?v=1yApj59x8fU\">Vergleiche zwischen den Betriebsger\u00e4uschen verschiedener Drohnen<\/a>\u00a0finden. Wie man sieht, bzw. besser gesagt h\u00f6rt, sind die Drohnen selbst aus 20 Meter Entfernung noch gut h\u00f6rbar. Die Lautst\u00e4rke bei 50 Meter Entfernung ist vernachl\u00e4ssigbar, da die Grundlautst\u00e4rke im urbanen Umfeld h\u00f6her ist, als auf einem Feld. Manche werden sich sagen, dass Sie Autos und Transporter aus dieser Entfernung auch h\u00f6ren, aber der entscheidende Unterschied ist die Frequenz der T\u00f6ne. Die kleinen Rotoren m\u00fcssen sich mit einer hohen Umdrehungszahl drehen, um genug Auftrieb erzeugen zu k\u00f6nnen. Je mehr Gewicht getragen werden muss, umso schneller m\u00fcssen sich die Rotoren drehen, so dass schwere Pakete realistisch gesehen nicht von Drohnen ausgeliefert werden k\u00f6nnen. Hierf\u00fcr reicht die Nutzlast heutiger Drohnen meist nicht aus. Nicht nur das Gewicht, sondern auch die Gr\u00f6\u00dfe und Form eines Paketes wird bei Drohnen beschr\u00e4nkt sein. Poster und gro\u00dfe Bilderrahmen sind beispielsweise nicht per Drohne lieferbar. Technisch gesehen k\u00f6nnte man nat\u00fcrlich einfach die Rotoren vergr\u00f6\u00dfern, was die Frequenz senken w\u00fcrde. Zudem k\u00f6nnten gr\u00f6\u00dfere Rotoren langsamer drehen, was die Lautst\u00e4rke insgesamt senkt. Das steigert jedoch das Gewicht und die Gr\u00f6\u00dfe einer Drohne. Gro\u00dfe, freiliegende Rotoren k\u00f6nnen au\u00dferdem eine lebensbedrohliche Gefahr f\u00fcr Menschen darstellen, wenn diese mit Ihnen in Ber\u00fchrung kommen. Auch diese Gefahr wird leider viel zu h\u00e4ufig untersch\u00e4tzt.<\/p>\n<p>Die Schallemissionen von Drohnen k\u00f6nnten nach deren Implementierung in das urbane Umfeld zu einem gro\u00dfen Problem werden. Solange andere Ger\u00e4uschquellen, wie Verbrennungsmotoren oder Baustellen nicht leiser werden, werden Drohneneins\u00e4tze im urbanen Raum nur zu einem noch h\u00f6heren L\u00e4rmpegel beitragen und so das\u00a0<a href=\"https:\/\/www.spiegel.de\/gesundheit\/diagnose\/laerm-macht-krank-stress-fuer-koerper-und-psyche-a-965947.html\">Stresslevel der Bev\u00f6lkerung<\/a>\u00a0weiter erh\u00f6hen. Zudem ist die hohe Frequenz kleiner Rotoren f\u00fcr das menschliche Geh\u00f6r besonders unangenehm und st\u00f6rend.<\/p>\n<h3>Trendwende vor gro\u00dffl\u00e4chiger Einf\u00fchrung von Drohnen notwendig<\/h3>\n<p>Die technische Evolution der Industrie 4.0 soll jedoch dir Wirtschaft ankurbeln und das Leben erleichtern. \u00a0Drohnenhersteller sind daher gefordert, die Lautst\u00e4rke von Drohnen zu reduzieren.<\/p>\n<p>Branchenprimus DJI ist sich dieser Problematik bewusst und hat bereits\u00a0<a href=\"https:\/\/www.heise.de\/newsticker\/meldung\/Leise-dank-neuer-Rotoren-DJI-laesst-die-Mavic-Pro-verstummen-3819410.html\">ger\u00e4usch\u00e4rmere Rotoren u.a. f\u00fcr das Modell Mavic Pro<\/a>\u00a0entwickelt. DJI denkt mit. Wir w\u00fcrden uns w\u00fcnschen, dass alle Hersteller sich anschlie\u00dfen und an die Lautst\u00e4rkeemissionen denken und dementsprechend ihre Drohnen so leise, wie m\u00f6glich gestalten.<\/p>\n<p>Wir sind uns bewusst, dass die Integration von Drohnen in den urbanen Lebensraum kein einfaches Unterfangen wird. Neben den Gesetzen und Anforderungen des Umfeldes und des genutzten Luftraumes gibt es vielerlei Dinge, die beachtet werden m\u00fcssen. Die Ger\u00e4uschminimierung ist f\u00fcr die Hersteller mit Sicherheit kein leichtes Unterfangen, aber der L\u00e4rm, den derzeit erh\u00e4ltliche Drohnen erzeugen, ist ein\u00a0<u>nicht zu vernachl\u00e4ssigender Faktor<\/u>\u00a0f\u00fcr die Abneigung gegen\u00fcber Drohneneins\u00e4tzen.<\/p>\n<h3>Drohnen sind ein Kann, kein Muss<\/h3>\n<p>Nur weil es technisch m\u00f6glich ist, Drohnen f\u00fcr kleinere Paketlieferungen zu nutzen, bedeutet das nicht, dass man nun in jeder Stadt tausende von Drohnen sehen muss, die mit ohrenbet\u00e4ubendem L\u00e4rm Internetbestellungen transportieren. Bei der Ger\u00e4uschentwicklung aktueller Drohnen muss viel mehr vor einem Drohneneinsatz gepr\u00fcft werden, ob dieser wirklich notwendig ist. Daher glauben wir eher, dass medizinische Lieferungen in naher Zukunft allt\u00e4glich werden, da die Zeitersparnis gegen\u00fcber einem Transport mit einem Kurier so gro\u00df ist, dass gesundheitliche Vorteile durch den Drohneneinsatz entstehen. Weitere Einsatzzwecke, wie bei der Vermessung neuer Baufl\u00e4chen oder beim Inspizieren von Kraftwerken sind ebenso umsetzbar, ohne die Bev\u00f6lkerung einer h\u00f6heren L\u00e4rmbelastung auszusetzen. Auch der Einsatz in der Dokumentation des Fortschritts auf Baustellen ist tragbar, da dort meist sowieso ein hoher Ger\u00e4uschpegel herrscht. Die Betriebsger\u00e4usche einer Drohne w\u00fcrden hier schlichtweg durch den L\u00e4rm der anderen Ger\u00e4te \u00fcbert\u00f6nt.<\/p>\n<h4>Wie steht es um\u00a0<a href=\"https:\/\/www.flynex.io\/de\/blogpage\/urban-air-mobility\/flying-taxi-future-mobility\"><u>Lufttaxis<\/u><\/a>?<\/h4>\n<p>Diese haben deutlich gr\u00f6\u00dfere Rotoren, was bedeutet, dass die Betriebsger\u00e4usche in einem niedrigeren Frequenzbereich liegen, als bei kleineren Drohnen. Der Betrieb w\u00e4re daher deutlich besser zu ertragen, als wenn viele kleine Drohnen umherschwirren. Die Rotoren eines Lufttaxis m\u00fcssen sich aber aufgrund des deutlich h\u00f6heren Gewichtes auch dementsprechend schnell drehen.<\/p>\n<p>Dies wird einen anderen, nicht besonders angenehmen Effekt mit sich bringen, den sog.\u00a0<em>Downwash<\/em>\u00a0(Abwind). So bezeichnet man den Windsto\u00df, den Rotoren unterhalb des Flugger\u00e4ts erzeugen, damit dieses in der Luft fliegen kann. Je gr\u00f6\u00dfer die Rotoren sind und je schneller diese sich drehen, umso mehr Wind wird auch nach unten erzeugt. Wer schon einmal unter einem landenden Hubschrauber stand, wei\u00df, dass dieser Wind ziemlich stark ist. Bei einigen\u00a0<a href=\"https:\/\/www.youtube.com\/watch?v=Mr1V-r2YxME\">Flugtests von Lufttaxis<\/a>\u00a0konnte man erkennen, dass auch diese sehr viel Abwind erzeugen. So verlockend und zukunftsweisend die namhaften Hersteller von Lufttaxis ihre Ger\u00e4te auch bewerben, es bleiben Zweifel an deren Integration in den Luftraum, wie auch in das urbane Umfeld von Metropolen.<br \/>\nNeben einem\u00a0<a href=\"https:\/\/www.flynex.io\/de\/blogpage\/integration\/6-schluesseltechnologien-fuer-ein-funktionales-utm\">funktionalem UTM<\/a>\u00a0m\u00fcsste also auch gekl\u00e4rt werden, in welcher H\u00f6he diese fliegen m\u00fcssten, ohne die Bev\u00f6lkerung mit ihrem Abwind zu beeintr\u00e4chtigen und fast noch wichtiger, wo diese Flugger\u00e4te landen d\u00fcrfen. Umherfliegender Sand oder gar Steine sollen schlie\u00dflich niemanden verletzen.<\/p>\n<h4>Fauna<\/h4>\n<p>Die Regeln und Vorsichtsma\u00dfnahmen im urbanen Umfeld gelten nicht in gleicher Weise f\u00fcr l\u00e4ndlichere Regionen. Die Bev\u00f6lkerungsdichte ist geringer und der Drohneneinsatz einfacher zu gestalten. Andersrum beeinflussen Drohnen leider auch die Tierwelt und so muss auch darauf geachtet werden, dass der\u00a0<a href=\"https:\/\/www.deutschlandfunk.de\/voegel-und-drohnen-keine-himmlische-love-story.697.de.html?dram:article_id=391483\">Luftverkehr von Drohnen in weniger dicht besiedelten Gebieten nicht die Fauna aus dem Gleichgewicht bringt<\/a>.<\/p>\n<h3>Ausblick<\/h3>\n<p>Wir als FlyNex m\u00f6chten sicherstellen, dass Drohnen bewusst und effizient eingesetzt werden. Unser Beitrag dazu sind unsere Softwareangebote\u00a0<a href=\"https:\/\/www.flynex.io\/de\/horizon\">HORIZON<\/a>\u00a0und\u00a0<a href=\"https:\/\/www.flynex.io\/de\/map2fly-pro\">MAP2FLY<\/a>. Durch den Einsatz unserer Software ist es m\u00f6glich, Fl\u00fcge so zu planen, dass der Flugplan validiert werden kann und in diesem Zuge eine Flugroute vom Gesetzesgeber autorisiert werden kann. \u00a0Zus\u00e4tzlich bieten wir die M\u00f6glichkeit, Drohneneins\u00e4tze softwareseitig in bestehende Arbeitsprozesse zu integrieren. So kann deren Einsatz noch besser dokumentiert werden und die durch die Drohne erhobenen Bilddaten k\u00f6nnen zur Auswertung direkt \u00fcber unsere L\u00f6sung an die zust\u00e4ndigen Mitarbeiter weitergeleitet werden.<\/p>\n<p>Die H\u00fcrden, die genommen werden m\u00fcssen, um Drohnen erfolgreich in die Mobilit\u00e4t der Zukunft zu integrieren, sind umfangreich, aber nicht un\u00fcberwindbar. \u00a0Solange Drohneneins\u00e4tze mit Bedacht stattfinden und deren Einsatz vorher zwecks seiner Sinnhaftigkeit \u00fcberpr\u00fcft wird, glauben wir, dass die Vorteile \u00fcberwiegen werden. Die Akzeptanz in der Bev\u00f6lkerung, sowie deren uneingeschr\u00e4nkte Sicherheit sind sehr wichtige Faktoren bei der Integration von Drohnen in den Alltag. Diese Akzeptanz geht nur einher, wenn Drohnen durch ihren Betrieb keinen ohrenbet\u00e4ubenden L\u00e4rm verursachen. Drohnenhersteller sollten daher alles daransetzen, die Betriebsger\u00e4usche ihrer unbemannten Flugger\u00e4te so niedrig, wie m\u00f6glich zu halten.<\/p>\n<p class=\"flynex-greet \">Ihr FlyNex Team<\/p>\n<\/div><\/div><\/div><\/div><\/div>\n","protected":false},"excerpt":{"rendered":"","protected":false},"author":1342,"featured_media":2200,"comment_status":"open","ping_status":"open","sticky":false,"template":"","format":"standard","meta":{"footnotes":""},"categories":[29],"tags":[47,125,126,128,124,127,74],"class_list":["post-2199","post","type-post","status-publish","format-standard","has-post-thumbnail","hentry","category-urban-air-mobility","tag-drohnen","tag-laermbelaestigung","tag-lautstaerke","tag-lufttaxi","tag-smart-city","tag-stress","tag-utm"],"yoast_head":"<!-- This site is optimized with the Yoast SEO plugin v26.1.1 - https:\/\/yoast.com\/wordpress\/plugins\/seo\/ -->\n<title>Drohnen in der Smart City \u2013 kein leises Vergn\u00fcgen<\/title>\n<meta name=\"description\" content=\"Bei der Integration von Drohnen in die sog. Smart City gibt es viele Hindernisse zu \u00fcberwinden. Vom Flugverkehrsmanagement (UTM) \u00fcber Datenschutzregeln bis hin zur Sicherheit. Eine weitere H\u00fcrde sind die Ger\u00e4usche, die Drohnen produzieren, insbesondere beim Starten und Landen.\" \/>\n<meta name=\"robots\" content=\"index, follow, max-snippet:-1, max-image-preview:large, max-video-preview:-1\" \/>\n<link rel=\"canonical\" href=\"https:\/\/www.flynex.io\/de\/urban-air-mobility\/drohnen-in-der-smart-city-kein-leises-vergnuegen\/\" \/>\n<meta property=\"og:locale\" content=\"de_DE\" \/>\n<meta property=\"og:type\" content=\"article\" \/>\n<meta property=\"og:title\" content=\"Drohnen in der Smart City \u2013 kein leises Vergn\u00fcgen\" \/>\n<meta property=\"og:description\" content=\"Bei der Integration von Drohnen in die sog. Smart City gibt es viele Hindernisse zu \u00fcberwinden. Vom Flugverkehrsmanagement (UTM) \u00fcber Datenschutzregeln bis hin zur Sicherheit. Eine weitere H\u00fcrde sind die Ger\u00e4usche, die Drohnen produzieren, insbesondere beim Starten und Landen.\" \/>\n<meta property=\"og:url\" content=\"https:\/\/www.flynex.io\/de\/urban-air-mobility\/drohnen-in-der-smart-city-kein-leises-vergnuegen\/\" \/>\n<meta property=\"og:site_name\" content=\"FlyNex\" \/>\n<meta property=\"article:publisher\" content=\"https:\/\/www.facebook.com\/flynex.io\/\" \/>\n<meta property=\"article:published_time\" content=\"2019-05-22T14:05:12+00:00\" \/>\n<meta property=\"article:modified_time\" content=\"2025-01-15T17:43:55+00:00\" \/>\n<meta property=\"og:image\" content=\"https:\/\/www.flynex.io\/wp-content\/uploads\/2020\/05\/2\u00df19-05-22.jpg\" \/>\n\t<meta property=\"og:image:width\" content=\"1300\" \/>\n\t<meta property=\"og:image:height\" content=\"600\" \/>\n\t<meta property=\"og:image:type\" content=\"image\/jpeg\" \/>\n<meta name=\"author\" content=\"FlyNex\" \/>\n<meta name=\"twitter:card\" content=\"summary_large_image\" \/>\n<meta name=\"twitter:creator\" content=\"@FlyNex_io\" \/>\n<meta name=\"twitter:site\" content=\"@FlyNex_io\" \/>\n<meta name=\"twitter:label1\" content=\"Verfasst von\" \/>\n\t<meta name=\"twitter:data1\" content=\"FlyNex\" \/>\n\t<meta name=\"twitter:label2\" content=\"Gesch\u00e4tzte Lesezeit\" \/>\n\t<meta name=\"twitter:data2\" content=\"7\u00a0Minuten\" \/>\n<script type=\"application\/ld+json\" class=\"yoast-schema-graph\">{\"@context\":\"https:\/\/schema.org\",\"@graph\":[{\"@type\":\"Article\",\"@id\":\"https:\/\/www.flynex.io\/de\/urban-air-mobility\/drohnen-in-der-smart-city-kein-leises-vergnuegen\/#article\",\"isPartOf\":{\"@id\":\"https:\/\/www.flynex.io\/de\/urban-air-mobility\/drohnen-in-der-smart-city-kein-leises-vergnuegen\/\"},\"author\":{\"name\":\"FlyNex\",\"@id\":\"https:\/\/live-new03.flynex.io\/en\/#\/schema\/person\/9da1d4f62535ff14fe5c710c1df495cf\"},\"headline\":\"Drohnen in der Smart City \u2013 kein leises Vergn\u00fcgen\",\"datePublished\":\"2019-05-22T14:05:12+00:00\",\"dateModified\":\"2025-01-15T17:43:55+00:00\",\"mainEntityOfPage\":{\"@id\":\"https:\/\/www.flynex.io\/de\/urban-air-mobility\/drohnen-in-der-smart-city-kein-leises-vergnuegen\/\"},\"wordCount\":1462,\"commentCount\":0,\"publisher\":{\"@id\":\"https:\/\/live-new03.flynex.io\/en\/#organization\"},\"image\":{\"@id\":\"https:\/\/www.flynex.io\/de\/urban-air-mobility\/drohnen-in-der-smart-city-kein-leises-vergnuegen\/#primaryimage\"},\"thumbnailUrl\":\"https:\/\/www.flynex.io\/wp-content\/uploads\/2020\/05\/2\u00df19-05-22.jpg\",\"keywords\":[\"Drohnen\",\"L\u00e4rmbel\u00e4stigung\",\"Lautst\u00e4rke\",\"Lufttaxi\",\"Smart City\",\"Stress\",\"UTM\"],\"articleSection\":[\"Urban Air Mobility\"],\"inLanguage\":\"de\",\"potentialAction\":[{\"@type\":\"CommentAction\",\"name\":\"Comment\",\"target\":[\"https:\/\/www.flynex.io\/de\/urban-air-mobility\/drohnen-in-der-smart-city-kein-leises-vergnuegen\/#respond\"]}]},{\"@type\":\"WebPage\",\"@id\":\"https:\/\/www.flynex.io\/de\/urban-air-mobility\/drohnen-in-der-smart-city-kein-leises-vergnuegen\/\",\"url\":\"https:\/\/www.flynex.io\/de\/urban-air-mobility\/drohnen-in-der-smart-city-kein-leises-vergnuegen\/\",\"name\":\"Drohnen in der Smart City \u2013 kein leises Vergn\u00fcgen\",\"isPartOf\":{\"@id\":\"https:\/\/live-new03.flynex.io\/en\/#website\"},\"primaryImageOfPage\":{\"@id\":\"https:\/\/www.flynex.io\/de\/urban-air-mobility\/drohnen-in-der-smart-city-kein-leises-vergnuegen\/#primaryimage\"},\"image\":{\"@id\":\"https:\/\/www.flynex.io\/de\/urban-air-mobility\/drohnen-in-der-smart-city-kein-leises-vergnuegen\/#primaryimage\"},\"thumbnailUrl\":\"https:\/\/www.flynex.io\/wp-content\/uploads\/2020\/05\/2\u00df19-05-22.jpg\",\"datePublished\":\"2019-05-22T14:05:12+00:00\",\"dateModified\":\"2025-01-15T17:43:55+00:00\",\"description\":\"Bei der Integration von Drohnen in die sog. Smart City gibt es viele Hindernisse zu \u00fcberwinden. Vom Flugverkehrsmanagement (UTM) \u00fcber Datenschutzregeln bis hin zur Sicherheit. Eine weitere H\u00fcrde sind die Ger\u00e4usche, die Drohnen produzieren, insbesondere beim Starten und Landen.\",\"breadcrumb\":{\"@id\":\"https:\/\/www.flynex.io\/de\/urban-air-mobility\/drohnen-in-der-smart-city-kein-leises-vergnuegen\/#breadcrumb\"},\"inLanguage\":\"de\",\"potentialAction\":[{\"@type\":\"ReadAction\",\"target\":[\"https:\/\/www.flynex.io\/de\/urban-air-mobility\/drohnen-in-der-smart-city-kein-leises-vergnuegen\/\"]}]},{\"@type\":\"ImageObject\",\"inLanguage\":\"de\",\"@id\":\"https:\/\/www.flynex.io\/de\/urban-air-mobility\/drohnen-in-der-smart-city-kein-leises-vergnuegen\/#primaryimage\",\"url\":\"https:\/\/www.flynex.io\/wp-content\/uploads\/2020\/05\/2\u00df19-05-22.jpg\",\"contentUrl\":\"https:\/\/www.flynex.io\/wp-content\/uploads\/2020\/05\/2\u00df19-05-22.jpg\",\"width\":1300,\"height\":600},{\"@type\":\"BreadcrumbList\",\"@id\":\"https:\/\/www.flynex.io\/de\/urban-air-mobility\/drohnen-in-der-smart-city-kein-leises-vergnuegen\/#breadcrumb\",\"itemListElement\":[{\"@type\":\"ListItem\",\"position\":1,\"name\":\"Home\",\"item\":\"https:\/\/www.flynex.io\/de\/\"},{\"@type\":\"ListItem\",\"position\":2,\"name\":\"Drohnen in der Smart City \u2013 kein leises Vergn\u00fcgen\"}]},{\"@type\":\"WebSite\",\"@id\":\"https:\/\/live-new03.flynex.io\/en\/#website\",\"url\":\"https:\/\/live-new03.flynex.io\/en\/\",\"name\":\"FlyNex\",\"description\":\"Drone Data &amp; Workflow Solution\",\"publisher\":{\"@id\":\"https:\/\/live-new03.flynex.io\/en\/#organization\"},\"potentialAction\":[{\"@type\":\"SearchAction\",\"target\":{\"@type\":\"EntryPoint\",\"urlTemplate\":\"https:\/\/live-new03.flynex.io\/en\/?s={search_term_string}\"},\"query-input\":{\"@type\":\"PropertyValueSpecification\",\"valueRequired\":true,\"valueName\":\"search_term_string\"}}],\"inLanguage\":\"de\"},{\"@type\":\"Organization\",\"@id\":\"https:\/\/live-new03.flynex.io\/en\/#organization\",\"name\":\"FlyNex\",\"url\":\"https:\/\/live-new03.flynex.io\/en\/\",\"logo\":{\"@type\":\"ImageObject\",\"inLanguage\":\"de\",\"@id\":\"https:\/\/live-new03.flynex.io\/en\/#\/schema\/logo\/image\/\",\"url\":\"https:\/\/www.flynex.io\/wp-content\/uploads\/2020\/06\/FlyNex_logo_blue.png\",\"contentUrl\":\"https:\/\/www.flynex.io\/wp-content\/uploads\/2020\/06\/FlyNex_logo_blue.png\",\"width\":5257,\"height\":1000,\"caption\":\"FlyNex\"},\"image\":{\"@id\":\"https:\/\/live-new03.flynex.io\/en\/#\/schema\/logo\/image\/\"},\"sameAs\":[\"https:\/\/www.facebook.com\/flynex.io\/\",\"https:\/\/x.com\/FlyNex_io\",\"https:\/\/www.instagram.com\/flynex.io\/\",\"https:\/\/www.linkedin.com\/company\/flynex-gmbh\/\",\"https:\/\/www.youtube.com\/channel\/UCRPBL25qUpiZ49nZpqPPnNQ\"]},{\"@type\":\"Person\",\"@id\":\"https:\/\/live-new03.flynex.io\/en\/#\/schema\/person\/9da1d4f62535ff14fe5c710c1df495cf\",\"name\":\"FlyNex\",\"image\":{\"@type\":\"ImageObject\",\"inLanguage\":\"de\",\"@id\":\"https:\/\/live-new03.flynex.io\/en\/#\/schema\/person\/image\/\",\"url\":\"https:\/\/secure.gravatar.com\/avatar\/67b01818ea464ca2ffe2923bd429a3fbd13b4672231c28662eed573b7143fc98?s=96&d=mm&r=g\",\"contentUrl\":\"https:\/\/secure.gravatar.com\/avatar\/67b01818ea464ca2ffe2923bd429a3fbd13b4672231c28662eed573b7143fc98?s=96&d=mm&r=g\",\"caption\":\"FlyNex\"}}]}<\/script>\n<!-- \/ Yoast SEO plugin. -->","yoast_head_json":{"title":"Drohnen in der Smart City \u2013 kein leises Vergn\u00fcgen","description":"Bei der Integration von Drohnen in die sog. Smart City gibt es viele Hindernisse zu \u00fcberwinden. Vom Flugverkehrsmanagement (UTM) \u00fcber Datenschutzregeln bis hin zur Sicherheit. Eine weitere H\u00fcrde sind die Ger\u00e4usche, die Drohnen produzieren, insbesondere beim Starten und Landen.","robots":{"index":"index","follow":"follow","max-snippet":"max-snippet:-1","max-image-preview":"max-image-preview:large","max-video-preview":"max-video-preview:-1"},"canonical":"https:\/\/www.flynex.io\/de\/urban-air-mobility\/drohnen-in-der-smart-city-kein-leises-vergnuegen\/","og_locale":"de_DE","og_type":"article","og_title":"Drohnen in der Smart City \u2013 kein leises Vergn\u00fcgen","og_description":"Bei der Integration von Drohnen in die sog. Smart City gibt es viele Hindernisse zu \u00fcberwinden. Vom Flugverkehrsmanagement (UTM) \u00fcber Datenschutzregeln bis hin zur Sicherheit. Eine weitere H\u00fcrde sind die Ger\u00e4usche, die Drohnen produzieren, insbesondere beim Starten und Landen.","og_url":"https:\/\/www.flynex.io\/de\/urban-air-mobility\/drohnen-in-der-smart-city-kein-leises-vergnuegen\/","og_site_name":"FlyNex","article_publisher":"https:\/\/www.facebook.com\/flynex.io\/","article_published_time":"2019-05-22T14:05:12+00:00","article_modified_time":"2025-01-15T17:43:55+00:00","og_image":[{"width":1300,"height":600,"url":"https:\/\/www.flynex.io\/wp-content\/uploads\/2020\/05\/2\u00df19-05-22.jpg","type":"image\/jpeg"}],"author":"FlyNex","twitter_card":"summary_large_image","twitter_creator":"@FlyNex_io","twitter_site":"@FlyNex_io","twitter_misc":{"Verfasst von":"FlyNex","Gesch\u00e4tzte Lesezeit":"7\u00a0Minuten"},"schema":{"@context":"https:\/\/schema.org","@graph":[{"@type":"Article","@id":"https:\/\/www.flynex.io\/de\/urban-air-mobility\/drohnen-in-der-smart-city-kein-leises-vergnuegen\/#article","isPartOf":{"@id":"https:\/\/www.flynex.io\/de\/urban-air-mobility\/drohnen-in-der-smart-city-kein-leises-vergnuegen\/"},"author":{"name":"FlyNex","@id":"https:\/\/live-new03.flynex.io\/en\/#\/schema\/person\/9da1d4f62535ff14fe5c710c1df495cf"},"headline":"Drohnen in der Smart City \u2013 kein leises Vergn\u00fcgen","datePublished":"2019-05-22T14:05:12+00:00","dateModified":"2025-01-15T17:43:55+00:00","mainEntityOfPage":{"@id":"https:\/\/www.flynex.io\/de\/urban-air-mobility\/drohnen-in-der-smart-city-kein-leises-vergnuegen\/"},"wordCount":1462,"commentCount":0,"publisher":{"@id":"https:\/\/live-new03.flynex.io\/en\/#organization"},"image":{"@id":"https:\/\/www.flynex.io\/de\/urban-air-mobility\/drohnen-in-der-smart-city-kein-leises-vergnuegen\/#primaryimage"},"thumbnailUrl":"https:\/\/www.flynex.io\/wp-content\/uploads\/2020\/05\/2\u00df19-05-22.jpg","keywords":["Drohnen","L\u00e4rmbel\u00e4stigung","Lautst\u00e4rke","Lufttaxi","Smart City","Stress","UTM"],"articleSection":["Urban Air Mobility"],"inLanguage":"de","potentialAction":[{"@type":"CommentAction","name":"Comment","target":["https:\/\/www.flynex.io\/de\/urban-air-mobility\/drohnen-in-der-smart-city-kein-leises-vergnuegen\/#respond"]}]},{"@type":"WebPage","@id":"https:\/\/www.flynex.io\/de\/urban-air-mobility\/drohnen-in-der-smart-city-kein-leises-vergnuegen\/","url":"https:\/\/www.flynex.io\/de\/urban-air-mobility\/drohnen-in-der-smart-city-kein-leises-vergnuegen\/","name":"Drohnen in der Smart City \u2013 kein leises Vergn\u00fcgen","isPartOf":{"@id":"https:\/\/live-new03.flynex.io\/en\/#website"},"primaryImageOfPage":{"@id":"https:\/\/www.flynex.io\/de\/urban-air-mobility\/drohnen-in-der-smart-city-kein-leises-vergnuegen\/#primaryimage"},"image":{"@id":"https:\/\/www.flynex.io\/de\/urban-air-mobility\/drohnen-in-der-smart-city-kein-leises-vergnuegen\/#primaryimage"},"thumbnailUrl":"https:\/\/www.flynex.io\/wp-content\/uploads\/2020\/05\/2\u00df19-05-22.jpg","datePublished":"2019-05-22T14:05:12+00:00","dateModified":"2025-01-15T17:43:55+00:00","description":"Bei der Integration von Drohnen in die sog. Smart City gibt es viele Hindernisse zu \u00fcberwinden. Vom Flugverkehrsmanagement (UTM) \u00fcber Datenschutzregeln bis hin zur Sicherheit. Eine weitere H\u00fcrde sind die Ger\u00e4usche, die Drohnen produzieren, insbesondere beim Starten und Landen.","breadcrumb":{"@id":"https:\/\/www.flynex.io\/de\/urban-air-mobility\/drohnen-in-der-smart-city-kein-leises-vergnuegen\/#breadcrumb"},"inLanguage":"de","potentialAction":[{"@type":"ReadAction","target":["https:\/\/www.flynex.io\/de\/urban-air-mobility\/drohnen-in-der-smart-city-kein-leises-vergnuegen\/"]}]},{"@type":"ImageObject","inLanguage":"de","@id":"https:\/\/www.flynex.io\/de\/urban-air-mobility\/drohnen-in-der-smart-city-kein-leises-vergnuegen\/#primaryimage","url":"https:\/\/www.flynex.io\/wp-content\/uploads\/2020\/05\/2\u00df19-05-22.jpg","contentUrl":"https:\/\/www.flynex.io\/wp-content\/uploads\/2020\/05\/2\u00df19-05-22.jpg","width":1300,"height":600},{"@type":"BreadcrumbList","@id":"https:\/\/www.flynex.io\/de\/urban-air-mobility\/drohnen-in-der-smart-city-kein-leises-vergnuegen\/#breadcrumb","itemListElement":[{"@type":"ListItem","position":1,"name":"Home","item":"https:\/\/www.flynex.io\/de\/"},{"@type":"ListItem","position":2,"name":"Drohnen in der Smart City \u2013 kein leises Vergn\u00fcgen"}]},{"@type":"WebSite","@id":"https:\/\/live-new03.flynex.io\/en\/#website","url":"https:\/\/live-new03.flynex.io\/en\/","name":"FlyNex","description":"Drone Data &amp; Workflow Solution","publisher":{"@id":"https:\/\/live-new03.flynex.io\/en\/#organization"},"potentialAction":[{"@type":"SearchAction","target":{"@type":"EntryPoint","urlTemplate":"https:\/\/live-new03.flynex.io\/en\/?s={search_term_string}"},"query-input":{"@type":"PropertyValueSpecification","valueRequired":true,"valueName":"search_term_string"}}],"inLanguage":"de"},{"@type":"Organization","@id":"https:\/\/live-new03.flynex.io\/en\/#organization","name":"FlyNex","url":"https:\/\/live-new03.flynex.io\/en\/","logo":{"@type":"ImageObject","inLanguage":"de","@id":"https:\/\/live-new03.flynex.io\/en\/#\/schema\/logo\/image\/","url":"https:\/\/www.flynex.io\/wp-content\/uploads\/2020\/06\/FlyNex_logo_blue.png","contentUrl":"https:\/\/www.flynex.io\/wp-content\/uploads\/2020\/06\/FlyNex_logo_blue.png","width":5257,"height":1000,"caption":"FlyNex"},"image":{"@id":"https:\/\/live-new03.flynex.io\/en\/#\/schema\/logo\/image\/"},"sameAs":["https:\/\/www.facebook.com\/flynex.io\/","https:\/\/x.com\/FlyNex_io","https:\/\/www.instagram.com\/flynex.io\/","https:\/\/www.linkedin.com\/company\/flynex-gmbh\/","https:\/\/www.youtube.com\/channel\/UCRPBL25qUpiZ49nZpqPPnNQ"]},{"@type":"Person","@id":"https:\/\/live-new03.flynex.io\/en\/#\/schema\/person\/9da1d4f62535ff14fe5c710c1df495cf","name":"FlyNex","image":{"@type":"ImageObject","inLanguage":"de","@id":"https:\/\/live-new03.flynex.io\/en\/#\/schema\/person\/image\/","url":"https:\/\/secure.gravatar.com\/avatar\/67b01818ea464ca2ffe2923bd429a3fbd13b4672231c28662eed573b7143fc98?s=96&d=mm&r=g","contentUrl":"https:\/\/secure.gravatar.com\/avatar\/67b01818ea464ca2ffe2923bd429a3fbd13b4672231c28662eed573b7143fc98?s=96&d=mm&r=g","caption":"FlyNex"}}]}},"_links":{"self":[{"href":"https:\/\/www.flynex.io\/de\/wp-json\/wp\/v2\/posts\/2199","targetHints":{"allow":["GET"]}}],"collection":[{"href":"https:\/\/www.flynex.io\/de\/wp-json\/wp\/v2\/posts"}],"about":[{"href":"https:\/\/www.flynex.io\/de\/wp-json\/wp\/v2\/types\/post"}],"author":[{"embeddable":true,"href":"https:\/\/www.flynex.io\/de\/wp-json\/wp\/v2\/users\/1342"}],"replies":[{"embeddable":true,"href":"https:\/\/www.flynex.io\/de\/wp-json\/wp\/v2\/comments?post=2199"}],"version-history":[{"count":1,"href":"https:\/\/www.flynex.io\/de\/wp-json\/wp\/v2\/posts\/2199\/revisions"}],"predecessor-version":[{"id":36432,"href":"https:\/\/www.flynex.io\/de\/wp-json\/wp\/v2\/posts\/2199\/revisions\/36432"}],"wp:featuredmedia":[{"embeddable":true,"href":"https:\/\/www.flynex.io\/de\/wp-json\/wp\/v2\/media\/2200"}],"wp:attachment":[{"href":"https:\/\/www.flynex.io\/de\/wp-json\/wp\/v2\/media?parent=2199"}],"wp:term":[{"taxonomy":"category","embeddable":true,"href":"https:\/\/www.flynex.io\/de\/wp-json\/wp\/v2\/categories?post=2199"},{"taxonomy":"post_tag","embeddable":true,"href":"https:\/\/www.flynex.io\/de\/wp-json\/wp\/v2\/tags?post=2199"}],"curies":[{"name":"wp","href":"https:\/\/api.w.org\/{rel}","templated":true}]}}